{"id":735,"date":"2025-06-03T12:12:39","date_gmt":"2025-06-03T12:12:39","guid":{"rendered":"http:\/\/www.mgvodnistavby.cz\/?p=735"},"modified":"2025-06-03T12:12:39","modified_gmt":"2025-06-03T12:12:39","slug":"mcr-v-kombinovanem-programu-2","status":"publish","type":"post","link":"https:\/\/www.mgvodnistavby.cz\/index.php\/2025\/06\/03\/mcr-v-kombinovanem-programu-2\/","title":{"rendered":"M\u010cR v kombinovan\u00e9m programu"},"content":{"rendered":"\n<p>Na vrcholn\u00fd z\u00e1vod, kter\u00fd se konal 1.6. v Ostrav\u011b, jsme se vypravili v men\u0161\u00edm po\u010dtu oproti p\u0159edchoz\u00edm rok\u016fm, ale&#8230;&#8230;.vrac\u00edme se s naprosto par\u00e1dn\u00edmi \u00fasp\u011bchy, je\u017e p\u0159ed\u010dily na\u0161e o\u010dek\u00e1v\u00e1n\u00ed!<img loading=\"lazy\" height=\"16\" width=\"16\" alt=\"\ud83d\ude0d\" src=\"https:\/\/static.xx.fbcdn.net\/images\/emoji.php\/v9\/ta1\/2\/16\/1f60d.png\"><\/p>\n\n\n\n<p>V I. kategorii svou premi\u00e9r\u016f na M\u010cR kr\u00e1sn\u011b zvl\u00e1dla Ane\u017eka a brala 9. p\u0159\u00ed\u010dku.<img loading=\"lazy\" height=\"16\" width=\"16\" alt=\"\ud83d\udc4f\" src=\"https:\/\/static.xx.fbcdn.net\/images\/emoji.php\/v9\/t9d\/2\/16\/1f44f.png\"> Sv\u016fj nejlep\u0161\u00ed v\u00fdkon z cel\u00e9 sez\u00f3ny p\u0159edvedla Ver\u010da.<img loading=\"lazy\" height=\"16\" width=\"16\" alt=\"\ud83e\udd70\" src=\"https:\/\/static.xx.fbcdn.net\/images\/emoji.php\/v9\/t89\/2\/16\/1f970.png\"> Naplno a p\u0159esn\u011b zacvi\u010dila \u0161vihadlo i sestavu bez n\u00e1\u010din\u00ed a vybojovala cenn\u00e9 4. m\u00edsto.<img loading=\"lazy\" height=\"16\" width=\"16\" alt=\"\u2728\" src=\"https:\/\/static.xx.fbcdn.net\/images\/emoji.php\/v9\/t75\/2\/16\/2728.png\"> Ve III. kategorii jsme m\u011bly nervy napnut\u00e9 k prasknut\u00ed ze sestav s obru\u010d\u00ed a m\u00ed\u010dem, kter\u00e9 ob\u010das b\u00fdvaj\u00ed zr\u00e1dn\u00e9. Ale Lucinka byla na koberci naprosto suver\u00e9nn\u00ed, p\u0159edvedla sv\u00e1 vystoupen\u00ed bez chyb a s v\u00fdrazem, a po skon\u010den\u00ed kategorie jsme se v\u0161ichni radovali ze st\u0159\u00edbrn\u00e9 medaile!<img loading=\"lazy\" height=\"16\" width=\"16\" alt=\"\ud83e\udd48\" src=\"https:\/\/static.xx.fbcdn.net\/images\/emoji.php\/v9\/tb4\/2\/16\/1f948.png\"><img loading=\"lazy\" height=\"16\" width=\"16\" alt=\"\ud83d\udc99\" src=\"https:\/\/static.xx.fbcdn.net\/images\/emoji.php\/v9\/tb\/2\/16\/1f499.png\"><\/p>\n\n\n\n<p>V dosavadn\u00edch v\u00fdborn\u00fdch v\u00fdkonech na\u0161ich gymnastek pokra\u010dovala i Krist\u00fdnka ve IV. kategorii, kter\u00e1 n\u00e1s pot\u011b\u0161ila kr\u00e1sn\u00fdm 7. m\u00edstem.<img loading=\"lazy\" height=\"16\" width=\"16\" alt=\"\ud83c\udf1f\" src=\"https:\/\/static.xx.fbcdn.net\/images\/emoji.php\/v9\/t7f\/2\/16\/1f31f.png\"> Naty a Anet se musely vyrovnat s nelehkou \u00falohou jedn\u011bch z favoritek na medaile.<img loading=\"lazy\" height=\"16\" width=\"16\" alt=\"\ud83d\ude4f\" src=\"https:\/\/static.xx.fbcdn.net\/images\/emoji.php\/v9\/t1f\/2\/16\/1f64f.png\"> Po skv\u011bl\u00e9 jarn\u00ed sez\u00f3n\u011b to zvl\u00e1dly i v Ostrav\u011b!<img loading=\"lazy\" height=\"16\" width=\"16\" alt=\"\ud83e\udd29\" src=\"https:\/\/static.xx.fbcdn.net\/images\/emoji.php\/v9\/tf7\/2\/16\/1f929.png\"> Nat\u00e1lka vystoupila na 3. stup\u00ednek a z\u00edskala bronz.<img loading=\"lazy\" height=\"16\" width=\"16\" alt=\"\ud83e\udd49\" src=\"https:\/\/static.xx.fbcdn.net\/images\/emoji.php\/v9\/t35\/2\/16\/1f949.png\"> \u00c1\u0148a cvi\u010dila opravdu n\u00e1dhern\u011b a s t\u00e9m\u011b\u0159 bodov\u00fdm n\u00e1skokem se stala MISTRYN\u00cd \u010cR a na krk si pov\u011bsila zlatou medaili!<img loading=\"lazy\" height=\"16\" width=\"16\" alt=\"\ud83e\udd47\" src=\"https:\/\/static.xx.fbcdn.net\/images\/emoji.php\/v9\/t33\/2\/16\/1f947.png\"><img loading=\"lazy\" height=\"16\" width=\"16\" alt=\"\u2764\ufe0f\" src=\"https:\/\/static.xx.fbcdn.net\/images\/emoji.php\/v9\/ted\/2\/16\/2764.png\"> Sm\u016flu za n\u00e1\u0161 odd\u00edl si bohu\u017eel vybrala Viky v V. kategorii.<img loading=\"lazy\" height=\"16\" width=\"16\" alt=\"\ud83e\udd79\" src=\"https:\/\/static.xx.fbcdn.net\/images\/emoji.php\/v9\/t12\/2\/16\/1f979.png\"> Po \u010dist\u011b p\u0159edveden\u00e9 obru\u010di p\u0159i\u0161el nezdar v ku\u017eel\u00edch a ve velk\u00e9 konkurenci \u017een tak brala 20. m\u00edsto.<img loading=\"lazy\" height=\"16\" width=\"16\" alt=\"\ud83d\udc9c\" src=\"https:\/\/static.xx.fbcdn.net\/images\/emoji.php\/v9\/t35\/2\/16\/1f49c.png\"><\/p>\n\n\n\n<p>Da\u0159ilo se tak\u00e9 dal\u0161\u00edm pra\u017esk\u00fdm kolegyn\u00edm a velmi \u00fasp\u011b\u0161n\u00e1 byla i sout\u011b\u017e dru\u017estev! Dru\u017estvo Praha 1 s na\u0161\u00ed Naty zv\u00edt\u011bzilo a dru\u017estvo Praha 2, ve kter\u00e9m byla na\u0161e \u00c1\u0148a, bralo bronz.<img loading=\"lazy\" height=\"16\" width=\"16\" alt=\"\ud83e\udd47\" src=\"https:\/\/static.xx.fbcdn.net\/images\/emoji.php\/v9\/t33\/2\/16\/1f947.png\"><img loading=\"lazy\" height=\"16\" width=\"16\" alt=\"\ud83e\udd49\" src=\"https:\/\/static.xx.fbcdn.net\/images\/emoji.php\/v9\/t35\/2\/16\/1f949.png\"> D\u00e1le Lucinka s dru\u017estvem Praha 3 z\u00edskala 6. p\u0159\u00ed\u010dku, Ane\u017eka a Viky z dru\u017estva Praha 6 se um\u00edstily jako 7. a dru\u017estvo Praha 5 s Ver\u010dou a Krist\u00fdnkou hned za nimi na 8. m\u00edst\u011b z celkov\u00e9ho po\u010dtu 25 t\u00fdm\u016f z cel\u00e9 \u010cR.<img loading=\"lazy\" height=\"16\" width=\"16\" alt=\"\ud83d\udc4d\" src=\"https:\/\/static.xx.fbcdn.net\/images\/emoji.php\/v9\/t9b\/2\/16\/1f44d.png\"><img loading=\"lazy\" height=\"16\" width=\"16\" alt=\"\ud83e\udd73\" src=\"https:\/\/static.xx.fbcdn.net\/images\/emoji.php\/v9\/tc\/2\/16\/1f973.png\"><\/p>\n\n\n\n<p>Moc gratulujeme v\u0161em gymnastk\u00e1m i jejich tren\u00e9rk\u00e1m za skv\u011blou reprezentaci.<img loading=\"lazy\" height=\"16\" width=\"16\" alt=\"\ud83d\udc4f\" src=\"https:\/\/static.xx.fbcdn.net\/images\/emoji.php\/v9\/t9d\/2\/16\/1f44f.png\"> M\u00e1me opravdu radost z velmi \u00fasp\u011b\u0161n\u00e9ho zakon\u010den\u00ed cel\u00e9 n\u00e1ro\u010dn\u00e9 sez\u00f3ny.<img loading=\"lazy\" height=\"16\" width=\"16\" alt=\"\u263a\ufe0f\" src=\"https:\/\/static.xx.fbcdn.net\/images\/emoji.php\/v9\/t7c\/2\/16\/263a.png\"><\/p>\n\n\n\n<figure class=\"wp-block-image size-large\"><img loading=\"lazy\" width=\"1024\" height=\"768\" src=\"https:\/\/www.mgvodnistavby.cz\/wp-content\/uploads\/2025\/06\/WhatsApp-Image-2025-06-02-at-10.39.44-1-1024x768.jpeg\" alt=\"\" class=\"wp-image-736\" srcset=\"https:\/\/www.mgvodnistavby.cz\/wp-content\/uploads\/2025\/06\/WhatsApp-Image-2025-06-02-at-10.39.44-1-1024x768.jpeg 1024w, https:\/\/www.mgvodnistavby.cz\/wp-content\/uploads\/2025\/06\/WhatsApp-Image-2025-06-02-at-10.39.44-1-300x225.jpeg 300w, https:\/\/www.mgvodnistavby.cz\/wp-content\/uploads\/2025\/06\/WhatsApp-Image-2025-06-02-at-10.39.44-1-768x576.jpeg 768w, https:\/\/www.mgvodnistavby.cz\/wp-content\/uploads\/2025\/06\/WhatsApp-Image-2025-06-02-at-10.39.44-1-1536x1152.jpeg 1536w, https:\/\/www.mgvodnistavby.cz\/wp-content\/uploads\/2025\/06\/WhatsApp-Image-2025-06-02-at-10.39.44-1.jpeg 1600w\" sizes=\"(max-width: 767px) 89vw, (max-width: 1000px) 54vw, (max-width: 1071px) 543px, 580px\" \/><\/figure>\n","protected":false},"excerpt":{"rendered":"<p>Na vrcholn\u00fd z\u00e1vod, kter\u00fd se konal 1.6. v Ostrav\u011b, jsme se vypravili v men\u0161\u00edm po\u010dtu oproti p\u0159edchoz\u00edm rok\u016fm, ale&#8230;&#8230;.vrac\u00edme se s naprosto par\u00e1dn\u00edmi \u00fasp\u011bchy, je\u017e p\u0159ed\u010dily na\u0161e o\u010dek\u00e1v\u00e1n\u00ed! V I. kategorii svou premi\u00e9r\u016f na M\u010cR kr\u00e1sn\u011b zvl\u00e1dla Ane\u017eka a brala 9. p\u0159\u00ed\u010dku. Sv\u016fj nejlep\u0161\u00ed v\u00fdkon z cel\u00e9 sez\u00f3ny p\u0159edvedla Ver\u010da. Naplno a p\u0159esn\u011b zacvi\u010dila \u0161vihadlo &hellip; <\/p>\n<p class=\"link-more\"><a href=\"https:\/\/www.mgvodnistavby.cz\/index.php\/2025\/06\/03\/mcr-v-kombinovanem-programu-2\/\" class=\"more-link\">Pokra\u010dovat ve \u010dten\u00ed<span class=\"screen-reader-text\"> &#8222;M\u010cR v kombinovan\u00e9m programu&#8220;<\/span><\/a><\/p>\n","protected":false},"author":1,"featured_media":0,"comment_status":"closed","ping_status":"","sticky":false,"template":"","format":"standard","meta":[],"categories":[1],"tags":[],"_links":{"self":[{"href":"https:\/\/www.mgvodnistavby.cz\/index.php\/wp-json\/wp\/v2\/posts\/735"}],"collection":[{"href":"https:\/\/www.mgvodnistavby.cz\/index.php\/wp-json\/wp\/v2\/posts"}],"about":[{"href":"https:\/\/www.mgvodnistavby.cz\/index.php\/wp-json\/wp\/v2\/types\/post"}],"author":[{"embeddable":true,"href":"https:\/\/www.mgvodnistavby.cz\/index.php\/wp-json\/wp\/v2\/users\/1"}],"replies":[{"embeddable":true,"href":"https:\/\/www.mgvodnistavby.cz\/index.php\/wp-json\/wp\/v2\/comments?post=735"}],"version-history":[{"count":1,"href":"https:\/\/www.mgvodnistavby.cz\/index.php\/wp-json\/wp\/v2\/posts\/735\/revisions"}],"predecessor-version":[{"id":737,"href":"https:\/\/www.mgvodnistavby.cz\/index.php\/wp-json\/wp\/v2\/posts\/735\/revisions\/737"}],"wp:attachment":[{"href":"https:\/\/www.mgvodnistavby.cz\/index.php\/wp-json\/wp\/v2\/media?parent=735"}],"wp:term":[{"taxonomy":"category","embeddable":true,"href":"https:\/\/www.mgvodnistavby.cz\/index.php\/wp-json\/wp\/v2\/categories?post=735"},{"taxonomy":"post_tag","embeddable":true,"href":"https:\/\/www.mgvodnistavby.cz\/index.php\/wp-json\/wp\/v2\/tags?post=735"}],"curies":[{"name":"wp","href":"https:\/\/api.w.org\/{rel}","templated":true}]}}