{"id":731,"date":"2025-05-27T08:08:16","date_gmt":"2025-05-27T08:08:16","guid":{"rendered":"http:\/\/www.mgvodnistavby.cz\/?p=731"},"modified":"2025-05-27T08:08:16","modified_gmt":"2025-05-27T08:08:16","slug":"zavod-ke-dni-deti-4","status":"publish","type":"post","link":"https:\/\/www.mgvodnistavby.cz\/index.php\/2025\/05\/27\/zavod-ke-dni-deti-4\/","title":{"rendered":"Z\u00e1vod ke Dni d\u011bt\u00ed"},"content":{"rendered":"\n<p>Kdy\u017e se bl\u00ed\u017e\u00ed konec kv\u011btna, ji\u017e tradi\u010dn\u011b p\u0159ipravujeme Z\u00e1vod ke Dni d\u011bt\u00ed.<img loading=\"lazy\" height=\"16\" width=\"16\" alt=\"\ud83d\udc67\" src=\"https:\/\/static.xx.fbcdn.net\/images\/emoji.php\/v9\/t2c\/2\/16\/1f467.png\"><img loading=\"lazy\" height=\"16\" width=\"16\" alt=\"\ud83c\udf38\" src=\"https:\/\/static.xx.fbcdn.net\/images\/emoji.php\/v9\/t8f\/2\/16\/1f338.png\"> V sobotu 24.5. k n\u00e1m dorazily gymnastky z r\u016fzn\u00fdch kout\u016f \u010cesk\u00e9 republiky i velk\u00e1 skupina pra\u017esk\u00fdch z\u00e1vodnic. Pro n\u011bkter\u00e9 to byl posledn\u00ed z\u00e1vod leto\u0161n\u00ed sez\u00f3ny, pro jin\u00e9 je\u0161t\u011b fin\u00e1ln\u00ed test p\u0159ed M\u010cR.<img loading=\"lazy\" height=\"16\" width=\"16\" alt=\"\ud83d\udcaa\" src=\"https:\/\/static.xx.fbcdn.net\/images\/emoji.php\/v9\/tb\/2\/16\/1f4aa.png\"> Op\u011bt d\u011bkujeme v\u0161em, co n\u00e1m pomohli s organizac\u00ed!<img loading=\"lazy\" height=\"16\" width=\"16\" alt=\"\ud83d\udc99\" src=\"https:\/\/static.xx.fbcdn.net\/images\/emoji.php\/v9\/tb\/2\/16\/1f499.png\"> D\u011bkujeme za podporu tak\u00e9 <a href=\"https:\/\/www.facebook.com\/Prahaeu?__cft__[0]=AZVXoI0QbW5RoB2AoFQKHEZqDorBMf550uMOuQazSb0dhOJi5_X8pTfs5Zdv4VomsIq6C-TI42apVOMhxU0bf0OflAApjCKpc1bDrwptC9Y_EL4IBDiuA7SrF6JF5UYOxA7RrtRcmTqKrtANfSTwLjg1-1bhVvkqmq9OZRqhv2YKlMAT55i8ctr1r46IODtBIrP0LsrKDfLXcC-8ZZiC2Lh5&amp;__tn__=-]K-R\">Praha.eu<\/a> a <a href=\"https:\/\/www.facebook.com\/praha4?__cft__[0]=AZVXoI0QbW5RoB2AoFQKHEZqDorBMf550uMOuQazSb0dhOJi5_X8pTfs5Zdv4VomsIq6C-TI42apVOMhxU0bf0OflAApjCKpc1bDrwptC9Y_EL4IBDiuA7SrF6JF5UYOxA7RrtRcmTqKrtANfSTwLjg1-1bhVvkqmq9OZRqhv2YKlMAT55i8ctr1r46IODtBIrP0LsrKDfLXcC-8ZZiC2Lh5&amp;__tn__=-]K-R\">Praha 4<\/a>.<img loading=\"lazy\" height=\"16\" width=\"16\" alt=\"\ud83e\udd1d\" src=\"https:\/\/static.xx.fbcdn.net\/images\/emoji.php\/v9\/t3\/2\/16\/1f91d.png\"><\/p>\n\n\n\n<p>V I.A se s medailov\u00fdm jarem rozlou\u010dila zlat\u00e1 Nelinka.<img loading=\"lazy\" height=\"16\" width=\"16\" alt=\"\ud83e\udd47\" src=\"https:\/\/static.xx.fbcdn.net\/images\/emoji.php\/v9\/t33\/2\/16\/1f947.png\">Ve velk\u00e9 konkurenci I. kategorie se nejl\u00e9pe prosadily 6. Ane\u017eka a 8. Claudinka po moc hezk\u00fdch v\u00fdkonech.<img loading=\"lazy\" height=\"16\" width=\"16\" alt=\"\u2728\" src=\"https:\/\/static.xx.fbcdn.net\/images\/emoji.php\/v9\/t75\/2\/16\/2728.png\"> Ve II. kategorii z\u00edskala Ani\u010dka 15. p\u0159\u00ed\u010dku.<img loading=\"lazy\" height=\"16\" width=\"16\" alt=\"\ud83c\udf1f\" src=\"https:\/\/static.xx.fbcdn.net\/images\/emoji.php\/v9\/t7f\/2\/16\/1f31f.png\"><\/p>\n\n\n\n<p>Nabit\u00e1 byla tak\u00e9 III. kategorie a v n\u00ed se do prvn\u00ed des\u00edtky ve\u0161ly 5. Terezka, 6. Anetka i 8. K\u00e1ja.<img loading=\"lazy\" height=\"16\" width=\"16\" alt=\"\ud83d\udc4d\" src=\"https:\/\/static.xx.fbcdn.net\/images\/emoji.php\/v9\/t9b\/2\/16\/1f44d.png\">Ve IV. kategorii letos neodch\u00e1z\u00edme bez medaile! Tentokr\u00e1t z\u00e1sluhou \u00c1ni na 3. m\u00edst\u011b.<img loading=\"lazy\" height=\"16\" width=\"16\" alt=\"\ud83e\udd49\" src=\"https:\/\/static.xx.fbcdn.net\/images\/emoji.php\/v9\/t35\/2\/16\/1f949.png\"> Na p\u0159edn\u00ed p\u0159\u00ed\u010dky se dostala tak\u00e9 5. Krist\u00fdnka. Velkou radost n\u00e1m ud\u011blala Viky, kter\u00e1 p\u0159idala dal\u0161\u00ed bronz v V. kategorii.<img loading=\"lazy\" height=\"16\" width=\"16\" alt=\"\ud83e\udd49\" src=\"https:\/\/static.xx.fbcdn.net\/images\/emoji.php\/v9\/t35\/2\/16\/1f949.png\"> V sout\u011b\u017ei dru\u017estev si na\u0161e Nelinka, Ane\u017eka, Anetka, \u00c1\u0148a a Viky do\u0161ly tak\u00e9 na stup\u00ednek pro bronzov\u00e9 medaile.<img loading=\"lazy\" height=\"16\" width=\"16\" alt=\"\ud83e\udd49\" src=\"https:\/\/static.xx.fbcdn.net\/images\/emoji.php\/v9\/t35\/2\/16\/1f949.png\"> Moc gratulujeme!<\/p>\n","protected":false},"excerpt":{"rendered":"<p>Kdy\u017e se bl\u00ed\u017e\u00ed konec kv\u011btna, ji\u017e tradi\u010dn\u011b p\u0159ipravujeme Z\u00e1vod ke Dni d\u011bt\u00ed. V sobotu 24.5. k n\u00e1m dorazily gymnastky z r\u016fzn\u00fdch kout\u016f \u010cesk\u00e9 republiky i velk\u00e1 skupina pra\u017esk\u00fdch z\u00e1vodnic. Pro n\u011bkter\u00e9 to byl posledn\u00ed z\u00e1vod leto\u0161n\u00ed sez\u00f3ny, pro jin\u00e9 je\u0161t\u011b fin\u00e1ln\u00ed test p\u0159ed M\u010cR. Op\u011bt d\u011bkujeme v\u0161em, co n\u00e1m pomohli s organizac\u00ed! D\u011bkujeme za podporu &hellip; <\/p>\n<p class=\"link-more\"><a href=\"https:\/\/www.mgvodnistavby.cz\/index.php\/2025\/05\/27\/zavod-ke-dni-deti-4\/\" class=\"more-link\">Pokra\u010dovat ve \u010dten\u00ed<span class=\"screen-reader-text\"> &#8222;Z\u00e1vod ke Dni d\u011bt\u00ed&#8220;<\/span><\/a><\/p>\n","protected":false},"author":1,"featured_media":0,"comment_status":"closed","ping_status":"","sticky":false,"template":"","format":"standard","meta":[],"categories":[1],"tags":[],"_links":{"self":[{"href":"https:\/\/www.mgvodnistavby.cz\/index.php\/wp-json\/wp\/v2\/posts\/731"}],"collection":[{"href":"https:\/\/www.mgvodnistavby.cz\/index.php\/wp-json\/wp\/v2\/posts"}],"about":[{"href":"https:\/\/www.mgvodnistavby.cz\/index.php\/wp-json\/wp\/v2\/types\/post"}],"author":[{"embeddable":true,"href":"https:\/\/www.mgvodnistavby.cz\/index.php\/wp-json\/wp\/v2\/users\/1"}],"replies":[{"embeddable":true,"href":"https:\/\/www.mgvodnistavby.cz\/index.php\/wp-json\/wp\/v2\/comments?post=731"}],"version-history":[{"count":1,"href":"https:\/\/www.mgvodnistavby.cz\/index.php\/wp-json\/wp\/v2\/posts\/731\/revisions"}],"predecessor-version":[{"id":732,"href":"https:\/\/www.mgvodnistavby.cz\/index.php\/wp-json\/wp\/v2\/posts\/731\/revisions\/732"}],"wp:attachment":[{"href":"https:\/\/www.mgvodnistavby.cz\/index.php\/wp-json\/wp\/v2\/media?parent=731"}],"wp:term":[{"taxonomy":"category","embeddable":true,"href":"https:\/\/www.mgvodnistavby.cz\/index.php\/wp-json\/wp\/v2\/categories?post=731"},{"taxonomy":"post_tag","embeddable":true,"href":"https:\/\/www.mgvodnistavby.cz\/index.php\/wp-json\/wp\/v2\/tags?post=731"}],"curies":[{"name":"wp","href":"https:\/\/api.w.org\/{rel}","templated":true}]}}