{"id":728,"date":"2025-05-21T18:55:18","date_gmt":"2025-05-21T18:55:18","guid":{"rendered":"http:\/\/www.mgvodnistavby.cz\/?p=728"},"modified":"2025-05-21T18:55:18","modified_gmt":"2025-05-21T18:55:18","slug":"prebor-prahy-kp-2","status":"publish","type":"post","link":"https:\/\/www.mgvodnistavby.cz\/index.php\/2025\/05\/21\/prebor-prahy-kp-2\/","title":{"rendered":"P\u0159ebor Prahy KP"},"content":{"rendered":"\n<p>M\u00e1me za sebou n\u00e1ro\u010dn\u00fd v\u00edkend pln\u00fd p\u0159ebornick\u00fdch sout\u011b\u017e\u00ed.<img loading=\"lazy\" height=\"16\" width=\"16\" alt=\"\ud83d\ude0e\" src=\"https:\/\/static.xx.fbcdn.net\/images\/emoji.php\/v9\/t22\/2\/16\/1f60e.png\"> Nejprve se v sobotu 17.5. konal p\u0159ebor Prahy v kombinovan\u00e9m programu, kter\u00fd jsme organizovali v hale na Zelen\u00e9m pruhu. \u0160lo nejen o medaile, ale tak\u00e9 o postupov\u00e1 m\u00edsta na M\u010cR.<img loading=\"lazy\" height=\"16\" width=\"16\" alt=\"\ud83d\udcaa\" src=\"https:\/\/static.xx.fbcdn.net\/images\/emoji.php\/v9\/tb\/2\/16\/1f4aa.png\"> Nervozita a t\u00edha d\u016fle\u017eit\u00e9ho z\u00e1vodu tak byla na n\u011bkter\u00fdch v\u00fdkonech zn\u00e1t.<img loading=\"lazy\" height=\"16\" width=\"16\" alt=\"\ud83d\ude09\" src=\"https:\/\/static.xx.fbcdn.net\/images\/emoji.php\/v9\/tf6\/2\/16\/1f609.png\"> V\u0161echny holky ale bojovaly, co to \u0161lo, a my jim moc gratulujeme a d\u011bkujeme za v\u00fdbornou reprezentaci na\u0161eho odd\u00edlu.<img loading=\"lazy\" height=\"16\" width=\"16\" alt=\"\ud83e\udd70\" src=\"https:\/\/static.xx.fbcdn.net\/images\/emoji.php\/v9\/t89\/2\/16\/1f970.png\"><\/p>\n\n\n\n<p>&#8211; I.A kat.: Nelinka<img loading=\"lazy\" height=\"16\" width=\"16\" alt=\"\ud83e\udd47\" src=\"https:\/\/static.xx.fbcdn.net\/images\/emoji.php\/v9\/t33\/2\/16\/1f947.png\"><\/p>\n\n\n\n<p>&#8211; I. kat.: Veru 5., Ane\u017eka 6., M\u00ed\u0161a 7., Claudi 15., Naty 19., K\u00e1ja 21., dru\u017estva<img loading=\"lazy\" height=\"16\" width=\"16\" alt=\"\ud83e\udd48\" src=\"https:\/\/static.xx.fbcdn.net\/images\/emoji.php\/v9\/tb4\/2\/16\/1f948.png\"> a 6. m\u00edsto<\/p>\n\n\n\n<p>&#8211; II. kat.: Ani\u010dka 10. m\u00edsto<\/p>\n\n\n\n<p>&#8211; III. kat.: Lucinka<img loading=\"lazy\" height=\"16\" width=\"16\" alt=\"\ud83e\udd49\" src=\"https:\/\/static.xx.fbcdn.net\/images\/emoji.php\/v9\/t35\/2\/16\/1f949.png\">, Anet 7., K\u00e1ja 8., Niky 10., Terka L. 12., Terka P. 13, Maru\u0161ka 15., Eli\u0161ka 20., M\u00e1\u0161a 21., Darinka 22., dru\u017estva<img loading=\"lazy\" height=\"16\" width=\"16\" alt=\"\ud83e\udd48\" src=\"https:\/\/static.xx.fbcdn.net\/images\/emoji.php\/v9\/tb4\/2\/16\/1f948.png\">, 4. a 6. m\u00edsto<\/p>\n\n\n\n<p>&#8211; IV. kat.: Naty<img loading=\"lazy\" height=\"16\" width=\"16\" alt=\"\ud83e\udd47\" src=\"https:\/\/static.xx.fbcdn.net\/images\/emoji.php\/v9\/t33\/2\/16\/1f947.png\">, Anet<img loading=\"lazy\" height=\"16\" width=\"16\" alt=\"\ud83e\udd48\" src=\"https:\/\/static.xx.fbcdn.net\/images\/emoji.php\/v9\/tb4\/2\/16\/1f948.png\">, Krist\u00fdnka 5., B\u00e1ra 8., Johanka 10., Laura 11., Nel\u010da 12., Nikoleta 13., Niky 15., dru\u017estva<img loading=\"lazy\" height=\"16\" width=\"16\" alt=\"\ud83e\udd47\" src=\"https:\/\/static.xx.fbcdn.net\/images\/emoji.php\/v9\/t33\/2\/16\/1f947.png\"><img loading=\"lazy\" height=\"16\" width=\"16\" alt=\"\ud83e\udd49\" src=\"https:\/\/static.xx.fbcdn.net\/images\/emoji.php\/v9\/t35\/2\/16\/1f949.png\"> a 4. m\u00edsto<\/p>\n\n\n\n<p>&#8211; V. kat.: K\u00e1\u0165a<img loading=\"lazy\" height=\"16\" width=\"16\" alt=\"\ud83e\udd48\" src=\"https:\/\/static.xx.fbcdn.net\/images\/emoji.php\/v9\/tb4\/2\/16\/1f948.png\">, Viky 7., S\u00e1ra 8., Gab\u010da 10., Ani\u010dka 11., dru\u017estvo<img loading=\"lazy\" height=\"16\" width=\"16\" alt=\"\ud83e\udd48\" src=\"https:\/\/static.xx.fbcdn.net\/images\/emoji.php\/v9\/tb4\/2\/16\/1f948.png\"><\/p>\n\n\n\n<p>D\u011bkujeme tak\u00e9 v\u0161em rodi\u010d\u016fm, kamar\u00e1d\u016fm a gymnastk\u00e1m, co se pod\u00edleli na p\u0159\u00edprav\u011b z\u00e1vodu.<img loading=\"lazy\" height=\"16\" width=\"16\" alt=\"\ud83d\udc99\" src=\"https:\/\/static.xx.fbcdn.net\/images\/emoji.php\/v9\/tb\/2\/16\/1f499.png\"><\/p>\n\n\n\n<figure class=\"wp-block-image size-large is-resized\"><img loading=\"lazy\" src=\"https:\/\/www.mgvodnistavby.cz\/wp-content\/uploads\/2025\/05\/WhatsApp-Image-2025-05-21-at-14.30.58-768x1024.jpeg\" alt=\"\" class=\"wp-image-729\" width=\"472\" height=\"628\" srcset=\"https:\/\/www.mgvodnistavby.cz\/wp-content\/uploads\/2025\/05\/WhatsApp-Image-2025-05-21-at-14.30.58-768x1024.jpeg 768w, https:\/\/www.mgvodnistavby.cz\/wp-content\/uploads\/2025\/05\/WhatsApp-Image-2025-05-21-at-14.30.58-225x300.jpeg 225w, https:\/\/www.mgvodnistavby.cz\/wp-content\/uploads\/2025\/05\/WhatsApp-Image-2025-05-21-at-14.30.58-1152x1536.jpeg 1152w, https:\/\/www.mgvodnistavby.cz\/wp-content\/uploads\/2025\/05\/WhatsApp-Image-2025-05-21-at-14.30.58.jpeg 1200w\" sizes=\"(max-width: 472px) 100vw, 472px\" \/><\/figure>\n","protected":false},"excerpt":{"rendered":"<p>M\u00e1me za sebou n\u00e1ro\u010dn\u00fd v\u00edkend pln\u00fd p\u0159ebornick\u00fdch sout\u011b\u017e\u00ed. Nejprve se v sobotu 17.5. konal p\u0159ebor Prahy v kombinovan\u00e9m programu, kter\u00fd jsme organizovali v hale na Zelen\u00e9m pruhu. \u0160lo nejen o medaile, ale tak\u00e9 o postupov\u00e1 m\u00edsta na M\u010cR. Nervozita a t\u00edha d\u016fle\u017eit\u00e9ho z\u00e1vodu tak byla na n\u011bkter\u00fdch v\u00fdkonech zn\u00e1t. V\u0161echny holky ale bojovaly, co to &hellip; <\/p>\n<p class=\"link-more\"><a href=\"https:\/\/www.mgvodnistavby.cz\/index.php\/2025\/05\/21\/prebor-prahy-kp-2\/\" class=\"more-link\">Pokra\u010dovat ve \u010dten\u00ed<span class=\"screen-reader-text\"> &#8222;P\u0159ebor Prahy KP&#8220;<\/span><\/a><\/p>\n","protected":false},"author":1,"featured_media":0,"comment_status":"closed","ping_status":"","sticky":false,"template":"","format":"standard","meta":[],"categories":[1],"tags":[],"_links":{"self":[{"href":"https:\/\/www.mgvodnistavby.cz\/index.php\/wp-json\/wp\/v2\/posts\/728"}],"collection":[{"href":"https:\/\/www.mgvodnistavby.cz\/index.php\/wp-json\/wp\/v2\/posts"}],"about":[{"href":"https:\/\/www.mgvodnistavby.cz\/index.php\/wp-json\/wp\/v2\/types\/post"}],"author":[{"embeddable":true,"href":"https:\/\/www.mgvodnistavby.cz\/index.php\/wp-json\/wp\/v2\/users\/1"}],"replies":[{"embeddable":true,"href":"https:\/\/www.mgvodnistavby.cz\/index.php\/wp-json\/wp\/v2\/comments?post=728"}],"version-history":[{"count":1,"href":"https:\/\/www.mgvodnistavby.cz\/index.php\/wp-json\/wp\/v2\/posts\/728\/revisions"}],"predecessor-version":[{"id":730,"href":"https:\/\/www.mgvodnistavby.cz\/index.php\/wp-json\/wp\/v2\/posts\/728\/revisions\/730"}],"wp:attachment":[{"href":"https:\/\/www.mgvodnistavby.cz\/index.php\/wp-json\/wp\/v2\/media?parent=728"}],"wp:term":[{"taxonomy":"category","embeddable":true,"href":"https:\/\/www.mgvodnistavby.cz\/index.php\/wp-json\/wp\/v2\/categories?post=728"},{"taxonomy":"post_tag","embeddable":true,"href":"https:\/\/www.mgvodnistavby.cz\/index.php\/wp-json\/wp\/v2\/tags?post=728"}],"curies":[{"name":"wp","href":"https:\/\/api.w.org\/{rel}","templated":true}]}}