{"id":709,"date":"2025-04-13T19:09:24","date_gmt":"2025-04-13T19:09:24","guid":{"rendered":"http:\/\/www.mgvodnistavby.cz\/?p=709"},"modified":"2025-04-13T19:09:24","modified_gmt":"2025-04-13T19:09:24","slug":"velikonocni-pernicek","status":"publish","type":"post","link":"https:\/\/www.mgvodnistavby.cz\/index.php\/2025\/04\/13\/velikonocni-pernicek\/","title":{"rendered":"Velikono\u010dn\u00ed pern\u00ed\u010dek"},"content":{"rendered":"\n<p>Minule jsme si vyzkou\u0161ely dva z\u00e1vody v jednom m\u011bst\u011b v jeden den. V sobotu 12.4. n\u00e1s naopak \u010dekaly dva z\u00e1vody vzd\u00e1len\u00e9 350 km od sebe.<img loading=\"lazy\" height=\"16\" width=\"16\" alt=\"\ud83d\ude01\" src=\"https:\/\/static.xx.fbcdn.net\/images\/emoji.php\/v9\/tee\/2\/16\/1f601.png\"><\/p>\n\n\n\n<p>Skupina gymnastek kombinovan\u00e9ho programu vyrazila do B\u0159eclavi na z\u00e1vod Velikono\u010dn\u00ed pern\u00ed\u010dek a p\u0159ev\u00e1\u017en\u011b v moravsk\u00e9 konkurenci si vedla opravdu dob\u0159e!<img loading=\"lazy\" height=\"16\" width=\"16\" alt=\"\ud83d\udc99\" src=\"https:\/\/static.xx.fbcdn.net\/images\/emoji.php\/v9\/tb\/2\/16\/1f499.png\"> V I.A si poprv\u00e9 vyzkou\u0161ela povinn\u00e9 \u0161vihadlo Nelinka, ke kter\u00e9mu p\u0159idala kr\u00e1sn\u011b p\u0159edvedenou sestavu bez n\u00e1\u010din\u00ed, a do\u0161la si pro bronz.<img loading=\"lazy\" height=\"16\" width=\"16\" alt=\"\ud83e\udd49\" src=\"https:\/\/static.xx.fbcdn.net\/images\/emoji.php\/v9\/t35\/2\/16\/1f949.png\"> Mezi o rok star\u0161\u00edmi d\u011bv\u010d\u00e1tky Ane\u017eka vystoupila dokonce na nejvy\u0161\u0161\u00ed stup\u00ednek spole\u010dn\u011b s dom\u00e1c\u00ed z\u00e1vodnic\u00ed a radovala se ze zlata.<img loading=\"lazy\" height=\"16\" width=\"16\" alt=\"\ud83e\udd47\" src=\"https:\/\/static.xx.fbcdn.net\/images\/emoji.php\/v9\/t33\/2\/16\/1f947.png\"> V n\u00e1sleduj\u00edc\u00ed kategorii cvi\u010dily gymnastky ro\u010dn\u00edku 2016, mezi nimi\u017e vybojovala par\u00e1dn\u00ed 3. p\u0159\u00ed\u010dku Verunka.<img loading=\"lazy\" height=\"16\" width=\"16\" alt=\"\ud83e\udd49\" src=\"https:\/\/static.xx.fbcdn.net\/images\/emoji.php\/v9\/t35\/2\/16\/1f949.png\"><\/p>\n\n\n\n<p>D\u00e1le jsme m\u011bly z\u00e1stupkyn\u011b ve III. kategorii, kter\u00e1 je letos tradi\u010dn\u011b nejpo\u010detn\u011bj\u0161\u00ed. Mezi 33 z\u00e1vodnicemi se od 3. do 7. m\u00edsta vyhla\u0161ovaly jen na\u0161e holky! Lucinka z\u00edskala bronz a d\u00e1le se se\u0159adily K\u00e1ja, Anetka, Terezka L. a Maru\u0161ka.<img loading=\"lazy\" height=\"16\" width=\"16\" alt=\"\ud83e\udd49\" src=\"https:\/\/static.xx.fbcdn.net\/images\/emoji.php\/v9\/t35\/2\/16\/1f949.png\"><img loading=\"lazy\" height=\"16\" width=\"16\" alt=\"\ud83d\udc4f\" src=\"https:\/\/static.xx.fbcdn.net\/images\/emoji.php\/v9\/t9d\/2\/16\/1f44f.png\"> Medailovou formu si letos zat\u00edm zdr\u017e\u00ed Anet ve IV. kategorii, kter\u00e1 zv\u00edt\u011bzila po skv\u011ble zacvi\u010den\u00fdch sestav\u00e1ch s ku\u017eeli a stuhou.<img loading=\"lazy\" height=\"16\" width=\"16\" alt=\"\ud83e\udd47\" src=\"https:\/\/static.xx.fbcdn.net\/images\/emoji.php\/v9\/t33\/2\/16\/1f947.png\"> \u00dasp\u011bch podtrhla Nikoleta 5. m\u00edstem.<img loading=\"lazy\" height=\"16\" width=\"16\" alt=\"\ud83d\udc4d\" src=\"https:\/\/static.xx.fbcdn.net\/images\/emoji.php\/v9\/t9b\/2\/16\/1f44d.png\"> Dal\u0161\u00ed 5. p\u0159\u00ed\u010dku p\u0159idala Viky v opravdu velmi kvalitn\u00ed V. kategorii.<img loading=\"lazy\" height=\"16\" width=\"16\" alt=\"\ud83d\udc4c\" src=\"https:\/\/static.xx.fbcdn.net\/images\/emoji.php\/v9\/t1a\/2\/16\/1f44c.png\"><\/p>\n\n\n\n<p>Gratulujeme i v\u0161em ostatn\u00edm d\u011bv\u010dat\u016fm k v\u00fdborn\u00e9 reprezentaci na\u0161eho odd\u00edlu a d\u011bkujeme po\u0159adatel\u016fm za moc hezk\u00fd z\u00e1vod.<img loading=\"lazy\" height=\"16\" width=\"16\" alt=\"\u263a\ufe0f\" src=\"https:\/\/static.xx.fbcdn.net\/images\/emoji.php\/v9\/t7c\/2\/16\/263a.png\"><\/p>\n\n\n\n<div class=\"wp-block-columns\">\n<div class=\"wp-block-column\">\n<figure class=\"wp-block-image size-large\"><img loading=\"lazy\" width=\"768\" height=\"1024\" src=\"https:\/\/www.mgvodnistavby.cz\/wp-content\/uploads\/2025\/04\/IMG_8118-768x1024.jpg\" alt=\"\" class=\"wp-image-710\" srcset=\"https:\/\/www.mgvodnistavby.cz\/wp-content\/uploads\/2025\/04\/IMG_8118-768x1024.jpg 768w, https:\/\/www.mgvodnistavby.cz\/wp-content\/uploads\/2025\/04\/IMG_8118-225x300.jpg 225w, https:\/\/www.mgvodnistavby.cz\/wp-content\/uploads\/2025\/04\/IMG_8118-1152x1536.jpg 1152w, https:\/\/www.mgvodnistavby.cz\/wp-content\/uploads\/2025\/04\/IMG_8118-1536x2048.jpg 1536w, https:\/\/www.mgvodnistavby.cz\/wp-content\/uploads\/2025\/04\/IMG_8118-scaled.jpg 1920w\" sizes=\"(max-width: 767px) 89vw, (max-width: 1000px) 54vw, (max-width: 1071px) 543px, 580px\" \/><\/figure>\n<\/div>\n\n\n\n<div class=\"wp-block-column\">\n<figure class=\"wp-block-image size-large\"><img loading=\"lazy\" width=\"768\" height=\"1024\" src=\"https:\/\/www.mgvodnistavby.cz\/wp-content\/uploads\/2025\/04\/IMG_8133-768x1024.jpg\" alt=\"\" class=\"wp-image-711\" srcset=\"https:\/\/www.mgvodnistavby.cz\/wp-content\/uploads\/2025\/04\/IMG_8133-768x1024.jpg 768w, https:\/\/www.mgvodnistavby.cz\/wp-content\/uploads\/2025\/04\/IMG_8133-225x300.jpg 225w, https:\/\/www.mgvodnistavby.cz\/wp-content\/uploads\/2025\/04\/IMG_8133-1152x1536.jpg 1152w, https:\/\/www.mgvodnistavby.cz\/wp-content\/uploads\/2025\/04\/IMG_8133-1536x2048.jpg 1536w, https:\/\/www.mgvodnistavby.cz\/wp-content\/uploads\/2025\/04\/IMG_8133-scaled.jpg 1920w\" sizes=\"(max-width: 767px) 89vw, (max-width: 1000px) 54vw, (max-width: 1071px) 543px, 580px\" \/><\/figure>\n<\/div>\n<\/div>\n","protected":false},"excerpt":{"rendered":"<p>Minule jsme si vyzkou\u0161ely dva z\u00e1vody v jednom m\u011bst\u011b v jeden den. V sobotu 12.4. n\u00e1s naopak \u010dekaly dva z\u00e1vody vzd\u00e1len\u00e9 350 km od sebe. Skupina gymnastek kombinovan\u00e9ho programu vyrazila do B\u0159eclavi na z\u00e1vod Velikono\u010dn\u00ed pern\u00ed\u010dek a p\u0159ev\u00e1\u017en\u011b v moravsk\u00e9 konkurenci si vedla opravdu dob\u0159e! V I.A si poprv\u00e9 vyzkou\u0161ela povinn\u00e9 \u0161vihadlo Nelinka, ke kter\u00e9mu &hellip; <\/p>\n<p class=\"link-more\"><a href=\"https:\/\/www.mgvodnistavby.cz\/index.php\/2025\/04\/13\/velikonocni-pernicek\/\" class=\"more-link\">Pokra\u010dovat ve \u010dten\u00ed<span class=\"screen-reader-text\"> &#8222;Velikono\u010dn\u00ed pern\u00ed\u010dek&#8220;<\/span><\/a><\/p>\n","protected":false},"author":1,"featured_media":0,"comment_status":"closed","ping_status":"","sticky":false,"template":"","format":"standard","meta":[],"categories":[1],"tags":[],"_links":{"self":[{"href":"https:\/\/www.mgvodnistavby.cz\/index.php\/wp-json\/wp\/v2\/posts\/709"}],"collection":[{"href":"https:\/\/www.mgvodnistavby.cz\/index.php\/wp-json\/wp\/v2\/posts"}],"about":[{"href":"https:\/\/www.mgvodnistavby.cz\/index.php\/wp-json\/wp\/v2\/types\/post"}],"author":[{"embeddable":true,"href":"https:\/\/www.mgvodnistavby.cz\/index.php\/wp-json\/wp\/v2\/users\/1"}],"replies":[{"embeddable":true,"href":"https:\/\/www.mgvodnistavby.cz\/index.php\/wp-json\/wp\/v2\/comments?post=709"}],"version-history":[{"count":1,"href":"https:\/\/www.mgvodnistavby.cz\/index.php\/wp-json\/wp\/v2\/posts\/709\/revisions"}],"predecessor-version":[{"id":712,"href":"https:\/\/www.mgvodnistavby.cz\/index.php\/wp-json\/wp\/v2\/posts\/709\/revisions\/712"}],"wp:attachment":[{"href":"https:\/\/www.mgvodnistavby.cz\/index.php\/wp-json\/wp\/v2\/media?parent=709"}],"wp:term":[{"taxonomy":"category","embeddable":true,"href":"https:\/\/www.mgvodnistavby.cz\/index.php\/wp-json\/wp\/v2\/categories?post=709"},{"taxonomy":"post_tag","embeddable":true,"href":"https:\/\/www.mgvodnistavby.cz\/index.php\/wp-json\/wp\/v2\/tags?post=709"}],"curies":[{"name":"wp","href":"https:\/\/api.w.org\/{rel}","templated":true}]}}