{"id":705,"date":"2025-04-05T20:05:49","date_gmt":"2025-04-05T20:05:49","guid":{"rendered":"http:\/\/www.mgvodnistavby.cz\/?p=705"},"modified":"2025-04-05T20:05:49","modified_gmt":"2025-04-05T20:05:49","slug":"hradecke-zavody","status":"publish","type":"post","link":"https:\/\/www.mgvodnistavby.cz\/index.php\/2025\/04\/05\/hradecke-zavody\/","title":{"rendered":"Hradeck\u00e9 z\u00e1vody"},"content":{"rendered":"\n<p>V sobotu 5.4. se konaly dva z\u00e1vody v Hradci Kr\u00e1lov\u00e9 a my jsme se rozhodli vyrazit na oba.<img loading=\"lazy\" height=\"16\" width=\"16\" alt=\"\ud83d\ude01\" src=\"https:\/\/static.xx.fbcdn.net\/images\/emoji.php\/v9\/tee\/2\/16\/1f601.png\"> V t\u011blocvi\u010dn\u011b z\u00e1kladn\u00ed \u0161koly cvi\u010dily hol\u010di\u010dky ze z\u00e1kladn\u00edho programu a op\u011bt n\u00e1m ud\u011blaly velkou radost.<img loading=\"lazy\" height=\"16\" width=\"16\" alt=\"\ud83e\udd70\" src=\"https:\/\/static.xx.fbcdn.net\/images\/emoji.php\/v9\/t89\/2\/16\/1f970.png\"> S\u00e1rinka zv\u00edt\u011bzila mezi ro\u010dn\u00edky 2020 a K\u00e1ja si na krk pov\u011bsila bronzovou medaili mezi o rok star\u0161\u00edmi gymnastkami.<img loading=\"lazy\" height=\"16\" width=\"16\" alt=\"\ud83e\udd47\" src=\"https:\/\/static.xx.fbcdn.net\/images\/emoji.php\/v9\/t33\/2\/16\/1f947.png\"><img loading=\"lazy\" height=\"16\" width=\"16\" alt=\"\ud83e\udd49\" src=\"https:\/\/static.xx.fbcdn.net\/images\/emoji.php\/v9\/t35\/2\/16\/1f949.png\"> Tak\u00e9 dal\u0161\u00ed d\u011bv\u010d\u00e1tka v 0.B z\u00edskala kr\u00e1sn\u00e1 um\u00edst\u011bn\u00ed od 5. do 7. p\u0159\u00ed\u010dky. V I. kategorii se nejv\u00edce da\u0159ilo \u00c1n\u011b, kter\u00e1 obsadila 8. p\u0159\u00ed\u010dku.<img loading=\"lazy\" height=\"16\" width=\"16\" alt=\"\ud83e\udd29\" src=\"https:\/\/static.xx.fbcdn.net\/images\/emoji.php\/v9\/tf7\/2\/16\/1f929.png\"><\/p>\n\n\n\n<p>Nedaleko ve sportovn\u00ed hale z\u00e1polilo nakonec jen 7 na\u0161ich sle\u010den v kombinovan\u00e9m programu, ale dok\u00e1zaly z\u00edskat hned t\u0159i medaile!<img loading=\"lazy\" height=\"16\" width=\"16\" alt=\"\ud83e\udd73\" src=\"https:\/\/static.xx.fbcdn.net\/images\/emoji.php\/v9\/tc\/2\/16\/1f973.png\"> IV. kategorii jasn\u011b ovl\u00e1dla Aneta a st\u0159\u00edbro z\u00edskala Naty.<img loading=\"lazy\" height=\"16\" width=\"16\" alt=\"\ud83e\udd47\" src=\"https:\/\/static.xx.fbcdn.net\/images\/emoji.php\/v9\/t33\/2\/16\/1f947.png\"><img loading=\"lazy\" height=\"16\" width=\"16\" alt=\"\ud83e\udd48\" src=\"https:\/\/static.xx.fbcdn.net\/images\/emoji.php\/v9\/tb4\/2\/16\/1f948.png\"> \u00dasp\u011bch v t\u00e9to kategorii doplnily 5. Laura, 6. B\u00e1ra a 11. Nela.<img loading=\"lazy\" height=\"16\" width=\"16\" alt=\"\ud83d\udc4f\" src=\"https:\/\/static.xx.fbcdn.net\/images\/emoji.php\/v9\/t9d\/2\/16\/1f44f.png\"> V nejstar\u0161\u00ed kategorii vystoupila na 2. p\u0159\u00ed\u010dku K\u00e1\u0165a a 6. m\u00edsto z\u00edskala Viky.<img loading=\"lazy\" height=\"16\" width=\"16\" alt=\"\ud83e\udd48\" src=\"https:\/\/static.xx.fbcdn.net\/images\/emoji.php\/v9\/tb4\/2\/16\/1f948.png\"><\/p>\n\n\n\n<p>V\u0161em moc gratulujeme a v z\u00e1vod\u011bn\u00ed pokra\u010dujeme v pln\u00e9 s\u00edle hned p\u0159\u00ed\u0161t\u00ed v\u00edkend!<img loading=\"lazy\" height=\"16\" width=\"16\" alt=\"\ud83d\udcaa\" src=\"https:\/\/static.xx.fbcdn.net\/images\/emoji.php\/v9\/tb\/2\/16\/1f4aa.png\"><\/p>\n\n\n\n<div class=\"wp-block-columns\">\n<div class=\"wp-block-column\">\n<figure class=\"wp-block-image size-large\"><img loading=\"lazy\" width=\"768\" height=\"1024\" src=\"https:\/\/www.mgvodnistavby.cz\/wp-content\/uploads\/2025\/04\/WhatsApp-Image-2025-04-05-at-20.14.32-768x1024.jpeg\" alt=\"\" class=\"wp-image-706\" srcset=\"https:\/\/www.mgvodnistavby.cz\/wp-content\/uploads\/2025\/04\/WhatsApp-Image-2025-04-05-at-20.14.32-768x1024.jpeg 768w, https:\/\/www.mgvodnistavby.cz\/wp-content\/uploads\/2025\/04\/WhatsApp-Image-2025-04-05-at-20.14.32-225x300.jpeg 225w, https:\/\/www.mgvodnistavby.cz\/wp-content\/uploads\/2025\/04\/WhatsApp-Image-2025-04-05-at-20.14.32-1152x1536.jpeg 1152w, https:\/\/www.mgvodnistavby.cz\/wp-content\/uploads\/2025\/04\/WhatsApp-Image-2025-04-05-at-20.14.32.jpeg 1200w\" sizes=\"(max-width: 767px) 89vw, (max-width: 1000px) 54vw, (max-width: 1071px) 543px, 580px\" \/><\/figure>\n<\/div>\n\n\n\n<div class=\"wp-block-column\">\n<figure class=\"wp-block-image size-large\"><img loading=\"lazy\" width=\"768\" height=\"1024\" src=\"https:\/\/www.mgvodnistavby.cz\/wp-content\/uploads\/2025\/04\/WhatsApp-Image-2025-04-05-at-12.49.34-768x1024.jpeg\" alt=\"\" class=\"wp-image-707\" srcset=\"https:\/\/www.mgvodnistavby.cz\/wp-content\/uploads\/2025\/04\/WhatsApp-Image-2025-04-05-at-12.49.34-768x1024.jpeg 768w, https:\/\/www.mgvodnistavby.cz\/wp-content\/uploads\/2025\/04\/WhatsApp-Image-2025-04-05-at-12.49.34-225x300.jpeg 225w, https:\/\/www.mgvodnistavby.cz\/wp-content\/uploads\/2025\/04\/WhatsApp-Image-2025-04-05-at-12.49.34-1152x1536.jpeg 1152w, https:\/\/www.mgvodnistavby.cz\/wp-content\/uploads\/2025\/04\/WhatsApp-Image-2025-04-05-at-12.49.34.jpeg 1536w\" sizes=\"(max-width: 767px) 89vw, (max-width: 1000px) 54vw, (max-width: 1071px) 543px, 580px\" \/><\/figure>\n<\/div>\n<\/div>\n","protected":false},"excerpt":{"rendered":"<p>V sobotu 5.4. se konaly dva z\u00e1vody v Hradci Kr\u00e1lov\u00e9 a my jsme se rozhodli vyrazit na oba. V t\u011blocvi\u010dn\u011b z\u00e1kladn\u00ed \u0161koly cvi\u010dily hol\u010di\u010dky ze z\u00e1kladn\u00edho programu a op\u011bt n\u00e1m ud\u011blaly velkou radost. S\u00e1rinka zv\u00edt\u011bzila mezi ro\u010dn\u00edky 2020 a K\u00e1ja si na krk pov\u011bsila bronzovou medaili mezi o rok star\u0161\u00edmi gymnastkami. Tak\u00e9 dal\u0161\u00ed d\u011bv\u010d\u00e1tka v &hellip; <\/p>\n<p class=\"link-more\"><a href=\"https:\/\/www.mgvodnistavby.cz\/index.php\/2025\/04\/05\/hradecke-zavody\/\" class=\"more-link\">Pokra\u010dovat ve \u010dten\u00ed<span class=\"screen-reader-text\"> &#8222;Hradeck\u00e9 z\u00e1vody&#8220;<\/span><\/a><\/p>\n","protected":false},"author":1,"featured_media":0,"comment_status":"closed","ping_status":"","sticky":false,"template":"","format":"standard","meta":[],"categories":[1],"tags":[],"_links":{"self":[{"href":"https:\/\/www.mgvodnistavby.cz\/index.php\/wp-json\/wp\/v2\/posts\/705"}],"collection":[{"href":"https:\/\/www.mgvodnistavby.cz\/index.php\/wp-json\/wp\/v2\/posts"}],"about":[{"href":"https:\/\/www.mgvodnistavby.cz\/index.php\/wp-json\/wp\/v2\/types\/post"}],"author":[{"embeddable":true,"href":"https:\/\/www.mgvodnistavby.cz\/index.php\/wp-json\/wp\/v2\/users\/1"}],"replies":[{"embeddable":true,"href":"https:\/\/www.mgvodnistavby.cz\/index.php\/wp-json\/wp\/v2\/comments?post=705"}],"version-history":[{"count":1,"href":"https:\/\/www.mgvodnistavby.cz\/index.php\/wp-json\/wp\/v2\/posts\/705\/revisions"}],"predecessor-version":[{"id":708,"href":"https:\/\/www.mgvodnistavby.cz\/index.php\/wp-json\/wp\/v2\/posts\/705\/revisions\/708"}],"wp:attachment":[{"href":"https:\/\/www.mgvodnistavby.cz\/index.php\/wp-json\/wp\/v2\/media?parent=705"}],"wp:term":[{"taxonomy":"category","embeddable":true,"href":"https:\/\/www.mgvodnistavby.cz\/index.php\/wp-json\/wp\/v2\/categories?post=705"},{"taxonomy":"post_tag","embeddable":true,"href":"https:\/\/www.mgvodnistavby.cz\/index.php\/wp-json\/wp\/v2\/tags?post=705"}],"curies":[{"name":"wp","href":"https:\/\/api.w.org\/{rel}","templated":true}]}}