{"id":682,"date":"2025-03-17T09:33:00","date_gmt":"2025-03-17T09:33:00","guid":{"rendered":"http:\/\/www.mgvodnistavby.cz\/?p=682"},"modified":"2025-03-17T09:33:00","modified_gmt":"2025-03-17T09:33:00","slug":"liberecka-snezenka","status":"publish","type":"post","link":"https:\/\/www.mgvodnistavby.cz\/index.php\/2025\/03\/17\/liberecka-snezenka\/","title":{"rendered":"Libereck\u00e1 sn\u011b\u017eenka"},"content":{"rendered":"\n<p>U\u017e je to tady, sez\u00f3na je zah\u00e1jena! V sobotu 15.3. vyrazily gymnastky z\u00e1kladn\u00edho i kombinovan\u00e9ho programu na z\u00e1vod Libereck\u00e1 sn\u011b\u017eenka. \u00daplnou premi\u00e9ru m\u011bly i na\u0161e nejmen\u0161\u00ed hv\u011bzdi\u010dky ro\u010dn\u00edk narozen\u00ed 2020 a hned se radovaly ze zlat\u00e9 a st\u0159\u00edbrn\u00e9 medaile.<img loading=\"lazy\" height=\"16\" width=\"16\" alt=\"\ud83e\udd47\" src=\"https:\/\/static.xx.fbcdn.net\/images\/emoji.php\/v9\/t33\/2\/16\/1f947.png\"><img loading=\"lazy\" height=\"16\" width=\"16\" alt=\"\ud83e\udd48\" src=\"https:\/\/static.xx.fbcdn.net\/images\/emoji.php\/v9\/tb4\/2\/16\/1f948.png\"> Kr\u00e1sn\u00e9 v\u00fdsledky pokra\u010dovaly i v dal\u0161\u00edch kategori\u00edch. Na 2. a 3. m\u00edst\u011b se um\u00edstily Zuzanka a K\u00e1ja mezi d\u011bv\u010d\u00e1tky 2019 a dal\u0161\u00ed bronz p\u0159idala Nikolka v I. kategorii.<img loading=\"lazy\" height=\"16\" width=\"16\" alt=\"\ud83e\udd48\" src=\"https:\/\/static.xx.fbcdn.net\/images\/emoji.php\/v9\/tb4\/2\/16\/1f948.png\"><img loading=\"lazy\" height=\"16\" width=\"16\" alt=\"\ud83e\udd49\" src=\"https:\/\/static.xx.fbcdn.net\/images\/emoji.php\/v9\/t35\/2\/16\/1f949.png\"><img loading=\"lazy\" height=\"16\" width=\"16\" alt=\"\ud83e\udd49\" src=\"https:\/\/static.xx.fbcdn.net\/images\/emoji.php\/v9\/t35\/2\/16\/1f949.png\"> I v\u0161echny ostatn\u00ed hol\u010di\u010dky p\u0159edvedly p\u011bkn\u00e9 sestavy a nabraly zku\u0161enosti do dal\u0161\u00edch z\u00e1vod\u016f.<img loading=\"lazy\" height=\"16\" width=\"16\" alt=\"\ud83e\udd70\" src=\"https:\/\/static.xx.fbcdn.net\/images\/emoji.php\/v9\/t89\/2\/16\/1f970.png\"><\/p>\n\n\n\n<p>Odpoledne pat\u0159ilo kombinovan\u00e9mu programu, kde v I.A kategorii zv\u00edt\u011bzila na\u0161e Nelinka.<img loading=\"lazy\" height=\"16\" width=\"16\" alt=\"\ud83e\udd47\" src=\"https:\/\/static.xx.fbcdn.net\/images\/emoji.php\/v9\/t33\/2\/16\/1f947.png\"> Na st\u0159\u00edbrn\u00fd stup\u00ednek vystoupila K\u00e1ja ve III. kategorii za sv\u00e9 sestavy s m\u00ed\u010dem a obru\u010d\u00ed.<img loading=\"lazy\" height=\"16\" width=\"16\" alt=\"\ud83e\udd48\" src=\"https:\/\/static.xx.fbcdn.net\/images\/emoji.php\/v9\/tb4\/2\/16\/1f948.png\"> Dal\u0161\u00ed st\u0159\u00edbro do sb\u00edrky p\u0159idala Krist\u00fdnka o kategorii v\u00fd\u0161 a na medailov\u00e9 p\u0159\u00ed\u010dky se probojovala i \u00c1\u010fa mezi \u017eenami, kter\u00e1 brala bronz.<img loading=\"lazy\" height=\"16\" width=\"16\" alt=\"\ud83e\udd48\" src=\"https:\/\/static.xx.fbcdn.net\/images\/emoji.php\/v9\/tb4\/2\/16\/1f948.png\"><img loading=\"lazy\" height=\"16\" width=\"16\" alt=\"\ud83e\udd49\" src=\"https:\/\/static.xx.fbcdn.net\/images\/emoji.php\/v9\/t35\/2\/16\/1f949.png\"><\/p>\n\n\n\n<p>D\u011bkujeme po\u0159adatel\u016fm za p\u0159\u00edjemn\u00fd z\u00e1vod a v\u0161em gratulujeme.<img loading=\"lazy\" height=\"16\" width=\"16\" alt=\"\u263a\ufe0f\" src=\"https:\/\/static.xx.fbcdn.net\/images\/emoji.php\/v9\/t7c\/2\/16\/263a.png\"> Je\u0161t\u011b ale m\u00e1me co vylep\u0161ovat a u\u017e se t\u011b\u0161\u00edme na dal\u0161\u00ed kl\u00e1n\u00ed.<img loading=\"lazy\" height=\"16\" width=\"16\" alt=\"\ud83d\udcaa\" src=\"https:\/\/static.xx.fbcdn.net\/images\/emoji.php\/v9\/tb\/2\/16\/1f4aa.png\"><\/p>\n\n\n\n<div class=\"wp-block-columns\">\n<div class=\"wp-block-column\">\n<figure class=\"wp-block-image size-large\"><img loading=\"lazy\" width=\"768\" height=\"1024\" src=\"https:\/\/www.mgvodnistavby.cz\/wp-content\/uploads\/2025\/03\/WhatsApp-Image-2025-03-17-at-09.20.32-768x1024.jpeg\" alt=\"\" class=\"wp-image-683\" srcset=\"https:\/\/www.mgvodnistavby.cz\/wp-content\/uploads\/2025\/03\/WhatsApp-Image-2025-03-17-at-09.20.32-768x1024.jpeg 768w, https:\/\/www.mgvodnistavby.cz\/wp-content\/uploads\/2025\/03\/WhatsApp-Image-2025-03-17-at-09.20.32-225x300.jpeg 225w, https:\/\/www.mgvodnistavby.cz\/wp-content\/uploads\/2025\/03\/WhatsApp-Image-2025-03-17-at-09.20.32-1152x1536.jpeg 1152w, https:\/\/www.mgvodnistavby.cz\/wp-content\/uploads\/2025\/03\/WhatsApp-Image-2025-03-17-at-09.20.32.jpeg 1200w\" sizes=\"(max-width: 767px) 89vw, (max-width: 1000px) 54vw, (max-width: 1071px) 543px, 580px\" \/><\/figure>\n<\/div>\n\n\n\n<div class=\"wp-block-column\">\n<figure class=\"wp-block-image size-large\"><img loading=\"lazy\" width=\"768\" height=\"1024\" src=\"https:\/\/www.mgvodnistavby.cz\/wp-content\/uploads\/2025\/03\/WhatsApp-Image-2025-03-17-at-10.07.42-768x1024.jpeg\" alt=\"\" class=\"wp-image-684\" srcset=\"https:\/\/www.mgvodnistavby.cz\/wp-content\/uploads\/2025\/03\/WhatsApp-Image-2025-03-17-at-10.07.42-768x1024.jpeg 768w, https:\/\/www.mgvodnistavby.cz\/wp-content\/uploads\/2025\/03\/WhatsApp-Image-2025-03-17-at-10.07.42-225x300.jpeg 225w, https:\/\/www.mgvodnistavby.cz\/wp-content\/uploads\/2025\/03\/WhatsApp-Image-2025-03-17-at-10.07.42-1152x1536.jpeg 1152w, https:\/\/www.mgvodnistavby.cz\/wp-content\/uploads\/2025\/03\/WhatsApp-Image-2025-03-17-at-10.07.42.jpeg 1200w\" sizes=\"(max-width: 767px) 89vw, (max-width: 1000px) 54vw, (max-width: 1071px) 543px, 580px\" \/><\/figure>\n<\/div>\n<\/div>\n","protected":false},"excerpt":{"rendered":"<p>U\u017e je to tady, sez\u00f3na je zah\u00e1jena! V sobotu 15.3. vyrazily gymnastky z\u00e1kladn\u00edho i kombinovan\u00e9ho programu na z\u00e1vod Libereck\u00e1 sn\u011b\u017eenka. \u00daplnou premi\u00e9ru m\u011bly i na\u0161e nejmen\u0161\u00ed hv\u011bzdi\u010dky ro\u010dn\u00edk narozen\u00ed 2020 a hned se radovaly ze zlat\u00e9 a st\u0159\u00edbrn\u00e9 medaile. Kr\u00e1sn\u00e9 v\u00fdsledky pokra\u010dovaly i v dal\u0161\u00edch kategori\u00edch. Na 2. a 3. m\u00edst\u011b se um\u00edstily Zuzanka a &hellip; <\/p>\n<p class=\"link-more\"><a href=\"https:\/\/www.mgvodnistavby.cz\/index.php\/2025\/03\/17\/liberecka-snezenka\/\" class=\"more-link\">Pokra\u010dovat ve \u010dten\u00ed<span class=\"screen-reader-text\"> &#8222;Libereck\u00e1 sn\u011b\u017eenka&#8220;<\/span><\/a><\/p>\n","protected":false},"author":1,"featured_media":0,"comment_status":"closed","ping_status":"","sticky":false,"template":"","format":"standard","meta":[],"categories":[1],"tags":[],"_links":{"self":[{"href":"https:\/\/www.mgvodnistavby.cz\/index.php\/wp-json\/wp\/v2\/posts\/682"}],"collection":[{"href":"https:\/\/www.mgvodnistavby.cz\/index.php\/wp-json\/wp\/v2\/posts"}],"about":[{"href":"https:\/\/www.mgvodnistavby.cz\/index.php\/wp-json\/wp\/v2\/types\/post"}],"author":[{"embeddable":true,"href":"https:\/\/www.mgvodnistavby.cz\/index.php\/wp-json\/wp\/v2\/users\/1"}],"replies":[{"embeddable":true,"href":"https:\/\/www.mgvodnistavby.cz\/index.php\/wp-json\/wp\/v2\/comments?post=682"}],"version-history":[{"count":1,"href":"https:\/\/www.mgvodnistavby.cz\/index.php\/wp-json\/wp\/v2\/posts\/682\/revisions"}],"predecessor-version":[{"id":685,"href":"https:\/\/www.mgvodnistavby.cz\/index.php\/wp-json\/wp\/v2\/posts\/682\/revisions\/685"}],"wp:attachment":[{"href":"https:\/\/www.mgvodnistavby.cz\/index.php\/wp-json\/wp\/v2\/media?parent=682"}],"wp:term":[{"taxonomy":"category","embeddable":true,"href":"https:\/\/www.mgvodnistavby.cz\/index.php\/wp-json\/wp\/v2\/categories?post=682"},{"taxonomy":"post_tag","embeddable":true,"href":"https:\/\/www.mgvodnistavby.cz\/index.php\/wp-json\/wp\/v2\/tags?post=682"}],"curies":[{"name":"wp","href":"https:\/\/api.w.org\/{rel}","templated":true}]}}