{"id":635,"date":"2024-06-03T20:36:12","date_gmt":"2024-06-03T20:36:12","guid":{"rendered":"http:\/\/www.mgvodnistavby.cz\/?p=635"},"modified":"2024-06-03T20:36:12","modified_gmt":"2024-06-03T20:36:12","slug":"mcr-kp","status":"publish","type":"post","link":"https:\/\/www.mgvodnistavby.cz\/index.php\/2024\/06\/03\/mcr-kp\/","title":{"rendered":"M\u010cR KP"},"content":{"rendered":"\n<p>V ned\u011bli 2.6. se se\u0161ly nejlep\u0161\u00ed gymnastky kombinovan\u00e9ho programu z cel\u00e9 \u010cesk\u00e9 republiky v Praze, kde bojovaly o co nejlep\u0161\u00ed v\u00fdsledky na M\u010cR. V ka\u017ed\u00e9 kategorii byla velk\u00e1 konkurence 25 d\u011bv\u010dat a my m\u00e1me radost z kr\u00e1sn\u00fdch v\u00fdkon\u016f na\u0161ich sv\u011b\u0159enky\u0148.<img loading=\"lazy\" height=\"16\" width=\"16\" alt=\"\ud83e\udd70\" src=\"https:\/\/static.xx.fbcdn.net\/images\/emoji.php\/v9\/t89\/2\/16\/1f970.png\"><\/p>\n\n\n\n<p>V I. kategorii se premi\u00e9rov\u011b p\u0159edstavila na republice Verunka. Sestava se \u0161vihadlem i bez n\u00e1\u010din\u00ed se ji vyda\u0159ila bez v\u011bt\u0161\u00edch chyb a z\u00edskala 11. m\u00edsto.<img loading=\"lazy\" height=\"16\" width=\"16\" alt=\"\u2728\" src=\"https:\/\/static.xx.fbcdn.net\/images\/emoji.php\/v9\/t75\/2\/16\/2728.png\"> V II. kategorii jsme m\u011bli dokonce t\u0159i z\u00e1stupkyn\u011b. Pro K\u00e1ju to byl tak\u00e9 prvn\u00ed start na individu\u00e1ln\u00edm M\u010cR a obsadila hezk\u00e9 12. m\u00edsto.<img loading=\"lazy\" height=\"16\" width=\"16\" alt=\"\u2728\" src=\"https:\/\/static.xx.fbcdn.net\/images\/emoji.php\/v9\/t75\/2\/16\/2728.png\"> Lucinka a Terezka bojovaly o p\u0159edn\u00ed p\u0159\u00ed\u010dky, do sv\u00fdch sestav daly maximum, a nakonec se se\u0159adily hned za sebou na 5. a 6. m\u00edst\u011b.<img loading=\"lazy\" height=\"16\" width=\"16\" alt=\"\ud83d\udc4f\" src=\"https:\/\/static.xx.fbcdn.net\/images\/emoji.php\/v9\/t9d\/2\/16\/1f44f.png\"><\/p>\n\n\n\n<p>Odpoledn\u00ed program zah\u00e1jila III. kategorie, kde holky p\u0159edv\u00e1d\u00ed volnou obru\u010d a povinn\u00fd m\u00ed\u010d. Po n\u011bkolika nep\u0159esnostech brala Laura 17. p\u0159\u00ed\u010dku.<img loading=\"lazy\" height=\"16\" width=\"16\" alt=\"\u2728\" src=\"https:\/\/static.xx.fbcdn.net\/images\/emoji.php\/v9\/t75\/2\/16\/2728.png\"> Skv\u011bl\u00fdm v\u00fdkonem p\u0159ekvapila Nikoleta, kter\u00e1 postupovala z p\u0159eboru a\u017e z 6. m\u00edsta, ale na M\u010cR skon\u010dila jako 5. nejlep\u0161\u00ed!<img loading=\"lazy\" height=\"16\" width=\"16\" alt=\"\ud83e\udd29\" src=\"https:\/\/static.xx.fbcdn.net\/images\/emoji.php\/v9\/tf7\/2\/16\/1f929.png\"> V\u016fbec nejv\u011bt\u0161\u00ed radost pro n\u00e1\u0161 odd\u00edl za\u0159\u00eddila Krist\u00fdnka. Bezchybn\u00fdm a sebejist\u00fdm v\u00fdkonem v obou sestav\u00e1ch z\u00edskala bronzovou medaili a mohla si u\u017e\u00edt kr\u00e1sn\u00e9 vyhl\u00e1\u0161en\u00ed na konci dne.<img loading=\"lazy\" height=\"16\" width=\"16\" alt=\"\ud83e\udd49\" src=\"https:\/\/static.xx.fbcdn.net\/images\/emoji.php\/v9\/t35\/2\/16\/1f949.png\"><img loading=\"lazy\" height=\"16\" width=\"16\" alt=\"\ud83e\udd73\" src=\"https:\/\/static.xx.fbcdn.net\/images\/emoji.php\/v9\/tc\/2\/16\/1f973.png\">IV. kategorie pro n\u00e1s byla trochu smoln\u00e1. Nat\u00e1lka p\u0159edvedla t\u0159et\u00ed nejlep\u0161\u00ed sestavu se stuhou, kter\u00e1 ji po nepoveden\u00fdch ku\u017eelk\u00e1ch vynesla na 9. m\u00edsto.<img loading=\"lazy\" height=\"16\" width=\"16\" alt=\"\ud83c\udf1f\" src=\"https:\/\/static.xx.fbcdn.net\/images\/emoji.php\/v9\/t7f\/2\/16\/1f31f.png\"> \u00c1\u0148a zase m\u011bla nejv\u00fd\u0161e hodnocen\u00e9 ku\u017eele z cel\u00e9ho startovn\u00edho pole, ale velk\u00e1 chyba v z\u00e1v\u011bru stuhy ji p\u0159ipravila o medaili a skon\u010dila 7.<img loading=\"lazy\" height=\"16\" width=\"16\" alt=\"\ud83c\udf1f\" src=\"https:\/\/static.xx.fbcdn.net\/images\/emoji.php\/v9\/t7f\/2\/16\/1f31f.png\"> S\u00e1ra \u0161la ob\u011b sestavy v\u00fdborn\u011b. Sou\u010det zn\u00e1mek m\u011bla stejn\u00fd jako z\u00e1vodnice na 3. m\u00edst\u011b, nav\u00edc pouh\u00e9 dv\u011b desetiny od zlata, ale nakonec to pro ni znamenalo nepopul\u00e1rn\u00ed 4. m\u00edsto.<img loading=\"lazy\" height=\"16\" width=\"16\" alt=\"\ud83d\ude4f\" src=\"https:\/\/static.xx.fbcdn.net\/images\/emoji.php\/v9\/t1f\/2\/16\/1f64f.png\"><img loading=\"lazy\" height=\"16\" width=\"16\" alt=\"\ud83c\udf1f\" src=\"https:\/\/static.xx.fbcdn.net\/images\/emoji.php\/v9\/t7f\/2\/16\/1f31f.png\"><\/p>\n\n\n\n<p>V. kategorie \u017den je ka\u017edoro\u010dn\u011b p\u0159ehl\u00eddkou kr\u00e1sn\u00fdch a n\u00e1padit\u00fdch sestav. Ob\u011b na\u0161e z\u00e1vodnice trochu pozlobily obru\u010de, ale rozhodn\u011b zanechaly dobr\u00fd dojem. Viky se prvn\u00ed rok v t\u00e9to kategorii um\u00edstila na 14. p\u0159\u00ed\u010dce a Lucka obsadila 16. m\u00edsto.<img loading=\"lazy\" height=\"16\" width=\"16\" alt=\"\ud83c\udf37\" src=\"https:\/\/static.xx.fbcdn.net\/images\/emoji.php\/v9\/te\/2\/16\/1f337.png\"> Velmi p\u0159\u00edjemn\u00fdm p\u0159ekvapen\u00edm pak bylo vyhl\u00e1\u0161en\u00ed sout\u011b\u017ee dru\u017estev, jeliko\u017e v\u0161echna um\u00edst\u011bn\u00ed na stupn\u00edch v\u00edt\u011bz\u016f z\u00edskaly pra\u017esk\u00e9 t\u00fdmy!<img loading=\"lazy\" height=\"16\" width=\"16\" alt=\"\ud83d\ude0d\" src=\"https:\/\/static.xx.fbcdn.net\/images\/emoji.php\/v9\/ta1\/2\/16\/1f60d.png\"> Zlato bralo dru\u017estvo Praha III, o kter\u00e9 se zaslou\u017eila tak\u00e9 na\u0161e Terezka, st\u0159\u00edbrnou p\u0159\u00ed\u010dku obsadilo dru\u017estvo Praha I s na\u0161\u00ed Nat\u00e1lkou a bronz vybojovalo i d\u00edky Lucince dru\u017estvo Praha II.<img loading=\"lazy\" height=\"16\" width=\"16\" alt=\"\ud83e\udd47\" src=\"https:\/\/static.xx.fbcdn.net\/images\/emoji.php\/v9\/t33\/2\/16\/1f947.png\"><img loading=\"lazy\" height=\"16\" width=\"16\" alt=\"\ud83e\udd48\" src=\"https:\/\/static.xx.fbcdn.net\/images\/emoji.php\/v9\/tb4\/2\/16\/1f948.png\"><img loading=\"lazy\" height=\"16\" width=\"16\" alt=\"\ud83e\udd49\" src=\"https:\/\/static.xx.fbcdn.net\/images\/emoji.php\/v9\/t35\/2\/16\/1f949.png\"><\/p>\n\n\n\n<p>V\u0161em moc gratulujeme a d\u011bkujeme holk\u00e1m, tren\u00e9rk\u00e1m i rozhod\u010d\u00edm za jejich nasazen\u00ed b\u011bhem cel\u00e9ho n\u00e1ro\u010dn\u00e9ho dne.<img loading=\"lazy\" height=\"16\" width=\"16\" alt=\"\ud83d\udc99\" src=\"https:\/\/static.xx.fbcdn.net\/images\/emoji.php\/v9\/tb\/2\/16\/1f499.png\"><\/p>\n\n\n\n<figure class=\"wp-block-image size-large is-resized\"><img loading=\"lazy\" src=\"https:\/\/www.mgvodnistavby.cz\/wp-content\/uploads\/2024\/06\/WhatsApp-Image-2024-06-03-at-10.58.58-1024x768.jpeg\" alt=\"\" class=\"wp-image-636\" width=\"571\" height=\"428\" srcset=\"https:\/\/www.mgvodnistavby.cz\/wp-content\/uploads\/2024\/06\/WhatsApp-Image-2024-06-03-at-10.58.58-1024x768.jpeg 1024w, https:\/\/www.mgvodnistavby.cz\/wp-content\/uploads\/2024\/06\/WhatsApp-Image-2024-06-03-at-10.58.58-300x225.jpeg 300w, https:\/\/www.mgvodnistavby.cz\/wp-content\/uploads\/2024\/06\/WhatsApp-Image-2024-06-03-at-10.58.58-768x576.jpeg 768w, https:\/\/www.mgvodnistavby.cz\/wp-content\/uploads\/2024\/06\/WhatsApp-Image-2024-06-03-at-10.58.58-1536x1152.jpeg 1536w, https:\/\/www.mgvodnistavby.cz\/wp-content\/uploads\/2024\/06\/WhatsApp-Image-2024-06-03-at-10.58.58.jpeg 1600w\" sizes=\"(max-width: 571px) 100vw, 571px\" \/><\/figure>\n","protected":false},"excerpt":{"rendered":"<p>V ned\u011bli 2.6. se se\u0161ly nejlep\u0161\u00ed gymnastky kombinovan\u00e9ho programu z cel\u00e9 \u010cesk\u00e9 republiky v Praze, kde bojovaly o co nejlep\u0161\u00ed v\u00fdsledky na M\u010cR. V ka\u017ed\u00e9 kategorii byla velk\u00e1 konkurence 25 d\u011bv\u010dat a my m\u00e1me radost z kr\u00e1sn\u00fdch v\u00fdkon\u016f na\u0161ich sv\u011b\u0159enky\u0148. V I. kategorii se premi\u00e9rov\u011b p\u0159edstavila na republice Verunka. Sestava se \u0161vihadlem i bez n\u00e1\u010din\u00ed &hellip; <\/p>\n<p class=\"link-more\"><a href=\"https:\/\/www.mgvodnistavby.cz\/index.php\/2024\/06\/03\/mcr-kp\/\" class=\"more-link\">Pokra\u010dovat ve \u010dten\u00ed<span class=\"screen-reader-text\"> &#8222;M\u010cR KP&#8220;<\/span><\/a><\/p>\n","protected":false},"author":1,"featured_media":0,"comment_status":"closed","ping_status":"","sticky":false,"template":"","format":"standard","meta":[],"categories":[1],"tags":[],"_links":{"self":[{"href":"https:\/\/www.mgvodnistavby.cz\/index.php\/wp-json\/wp\/v2\/posts\/635"}],"collection":[{"href":"https:\/\/www.mgvodnistavby.cz\/index.php\/wp-json\/wp\/v2\/posts"}],"about":[{"href":"https:\/\/www.mgvodnistavby.cz\/index.php\/wp-json\/wp\/v2\/types\/post"}],"author":[{"embeddable":true,"href":"https:\/\/www.mgvodnistavby.cz\/index.php\/wp-json\/wp\/v2\/users\/1"}],"replies":[{"embeddable":true,"href":"https:\/\/www.mgvodnistavby.cz\/index.php\/wp-json\/wp\/v2\/comments?post=635"}],"version-history":[{"count":1,"href":"https:\/\/www.mgvodnistavby.cz\/index.php\/wp-json\/wp\/v2\/posts\/635\/revisions"}],"predecessor-version":[{"id":637,"href":"https:\/\/www.mgvodnistavby.cz\/index.php\/wp-json\/wp\/v2\/posts\/635\/revisions\/637"}],"wp:attachment":[{"href":"https:\/\/www.mgvodnistavby.cz\/index.php\/wp-json\/wp\/v2\/media?parent=635"}],"wp:term":[{"taxonomy":"category","embeddable":true,"href":"https:\/\/www.mgvodnistavby.cz\/index.php\/wp-json\/wp\/v2\/categories?post=635"},{"taxonomy":"post_tag","embeddable":true,"href":"https:\/\/www.mgvodnistavby.cz\/index.php\/wp-json\/wp\/v2\/tags?post=635"}],"curies":[{"name":"wp","href":"https:\/\/api.w.org\/{rel}","templated":true}]}}