{"id":549,"date":"2023-11-07T20:57:02","date_gmt":"2023-11-07T20:57:02","guid":{"rendered":"http:\/\/www.mgvodnistavby.cz\/?p=549"},"modified":"2023-11-07T20:57:02","modified_gmt":"2023-11-07T20:57:02","slug":"prebor-prahy-linie-b","status":"publish","type":"post","link":"https:\/\/www.mgvodnistavby.cz\/index.php\/2023\/11\/07\/prebor-prahy-linie-b\/","title":{"rendered":"P\u0159ebor Prahy linie B"},"content":{"rendered":"\n<p>Prvn\u00ed listopadovou ned\u011bli se konal p\u0159ebor Prahy ve spole\u010dn\u00fdch skladb\u00e1ch linie B, kter\u00fd po\u0159\u00e1dal n\u00e1\u0161 odd\u00edl. Nejprve tedy d\u011bkujeme v\u0161em tren\u00e9rk\u00e1m, rodi\u010d\u016fm a kamar\u00e1d\u016fm za pomoc p\u0159i organizaci!<img loading=\"lazy\" height=\"16\" width=\"16\" alt=\"\ud83e\udd70\" src=\"https:\/\/static.xx.fbcdn.net\/images\/emoji.php\/v9\/t89\/2\/16\/1f970.png\"><\/p>\n\n\n\n<p>A d\u00e1le k v\u00fdkon\u016fm a v\u00fdsledk\u016fm na\u0161ich skladeb.<img loading=\"lazy\" height=\"16\" width=\"16\" alt=\"\ud83d\ude09\" src=\"https:\/\/static.xx.fbcdn.net\/images\/emoji.php\/v9\/tf6\/2\/16\/1f609.png\"> Nejmlad\u0161\u00ed hol\u010di\u010dky p\u0159edvedly, \u017ee od prvn\u00edch z\u00e1vod\u016f ud\u011blaly kus pr\u00e1ce, a vybojovaly bronzov\u00e9 medaile.<img loading=\"lazy\" height=\"16\" width=\"16\" alt=\"\ud83e\udd49\" src=\"https:\/\/static.xx.fbcdn.net\/images\/emoji.php\/v9\/t35\/2\/16\/1f949.png\"> V 0.A kategorii se na\u0161e skladba dob\u0159e vypo\u0159\u00e1dala s obm\u011bn\u011bn\u00fdm slo\u017een\u00edm kv\u016fli nemoci a z\u00edskala 5. p\u0159\u00ed\u010dku.<img loading=\"lazy\" height=\"16\" width=\"16\" alt=\"\ud83d\udc4c\" src=\"https:\/\/static.xx.fbcdn.net\/images\/emoji.php\/v9\/t1a\/2\/16\/1f44c.png\"> V I. kategorii zacvi\u010dily zat\u00edm sv\u016fj nejlep\u0161\u00ed z\u00e1vod Stars a skon\u010dily na v\u00fdborn\u00e9m 4. m\u00edst\u011b.<img loading=\"lazy\" height=\"16\" width=\"16\" alt=\"\ud83e\udd73\" src=\"https:\/\/static.xx.fbcdn.net\/images\/emoji.php\/v9\/tc\/2\/16\/1f973.png\"> Skladba Zakl\u00edna\u010d p\u0159edev\u0161\u00edm d\u00edky par\u00e1dn\u00edmu druh\u00e9mu proveden\u00ed vystoupila dokonce na st\u0159\u00edbrn\u00fd stup\u00ednek.<img loading=\"lazy\" height=\"16\" width=\"16\" alt=\"\ud83e\udd48\" src=\"https:\/\/static.xx.fbcdn.net\/images\/emoji.php\/v9\/tb4\/2\/16\/1f948.png\"><\/p>\n\n\n\n<p>Carmen ve II. kategorii se bohu\u017eel nevyvarovaly spousty chyb, p\u0159esto jejich v\u00fdkon sta\u010dil na 3. p\u0159\u00ed\u010dku.<img loading=\"lazy\" height=\"16\" width=\"16\" alt=\"\ud83e\udd49\" src=\"https:\/\/static.xx.fbcdn.net\/images\/emoji.php\/v9\/t35\/2\/16\/1f949.png\"> Naopak skv\u011bl\u00fd z\u00e1vod se vyda\u0159il na\u0161im star\u0161\u00edm m\u00ed\u010d\u016fm, kter\u00e9 se staly p\u0159ebornicemi Prahy!<img loading=\"lazy\" height=\"16\" width=\"16\" alt=\"\ud83e\udd47\" src=\"https:\/\/static.xx.fbcdn.net\/images\/emoji.php\/v9\/t33\/2\/16\/1f947.png\"> Ve IV. kategorii jsme u na\u0161ich dvou zku\u0161en\u011bj\u0161\u00edch p\u00f3diovek zvykl\u00ed na p\u0159esv\u011bd\u010div\u011bj\u0161\u00ed sestavy.<img loading=\"lazy\" height=\"16\" width=\"16\" alt=\"\ud83d\ude01\" src=\"https:\/\/static.xx.fbcdn.net\/images\/emoji.php\/v9\/tee\/2\/16\/1f601.png\"> A tak se skladby Fearless, Xunia a Gladiator se\u0159adily od 2. do 4. m\u00edsta.<img loading=\"lazy\" height=\"16\" width=\"16\" alt=\"\ud83e\udd48\" src=\"https:\/\/static.xx.fbcdn.net\/images\/emoji.php\/v9\/tb4\/2\/16\/1f948.png\"><img loading=\"lazy\" height=\"16\" width=\"16\" alt=\"\ud83e\udd49\" src=\"https:\/\/static.xx.fbcdn.net\/images\/emoji.php\/v9\/t35\/2\/16\/1f949.png\"><img loading=\"lazy\" height=\"16\" width=\"16\" alt=\"\u2728\" src=\"https:\/\/static.xx.fbcdn.net\/images\/emoji.php\/v9\/t75\/2\/16\/2728.png\"><\/p>\n\n\n\n<p>Moc gratulujeme.<img loading=\"lazy\" height=\"16\" width=\"16\" alt=\"\u263a\ufe0f\" src=\"https:\/\/static.xx.fbcdn.net\/images\/emoji.php\/v9\/t7c\/2\/16\/263a.png\"><\/p>\n\n\n\n<div class=\"wp-block-columns\">\n<div class=\"wp-block-column\">\n<figure class=\"wp-block-image size-large\"><img loading=\"lazy\" width=\"771\" height=\"1024\" src=\"https:\/\/www.mgvodnistavby.cz\/wp-content\/uploads\/2023\/11\/ab366755-aa05-451e-bbe1-5de92c2d3258-771x1024.jpeg\" alt=\"\" class=\"wp-image-550\" srcset=\"https:\/\/www.mgvodnistavby.cz\/wp-content\/uploads\/2023\/11\/ab366755-aa05-451e-bbe1-5de92c2d3258-771x1024.jpeg 771w, https:\/\/www.mgvodnistavby.cz\/wp-content\/uploads\/2023\/11\/ab366755-aa05-451e-bbe1-5de92c2d3258-226x300.jpeg 226w, https:\/\/www.mgvodnistavby.cz\/wp-content\/uploads\/2023\/11\/ab366755-aa05-451e-bbe1-5de92c2d3258-768x1020.jpeg 768w, https:\/\/www.mgvodnistavby.cz\/wp-content\/uploads\/2023\/11\/ab366755-aa05-451e-bbe1-5de92c2d3258-1157x1536.jpeg 1157w, https:\/\/www.mgvodnistavby.cz\/wp-content\/uploads\/2023\/11\/ab366755-aa05-451e-bbe1-5de92c2d3258.jpeg 1536w\" sizes=\"(max-width: 767px) 89vw, (max-width: 1000px) 54vw, (max-width: 1071px) 543px, 580px\" \/><\/figure>\n<\/div>\n\n\n\n<div class=\"wp-block-column\">\n<figure class=\"wp-block-image size-large\"><img loading=\"lazy\" width=\"768\" height=\"1024\" src=\"https:\/\/www.mgvodnistavby.cz\/wp-content\/uploads\/2023\/11\/7f606733-1216-4bf8-9814-0ffdf2800c4c.jpg\" alt=\"\" class=\"wp-image-551\" srcset=\"https:\/\/www.mgvodnistavby.cz\/wp-content\/uploads\/2023\/11\/7f606733-1216-4bf8-9814-0ffdf2800c4c.jpg 768w, https:\/\/www.mgvodnistavby.cz\/wp-content\/uploads\/2023\/11\/7f606733-1216-4bf8-9814-0ffdf2800c4c-225x300.jpg 225w\" sizes=\"(max-width: 767px) 89vw, (max-width: 1000px) 54vw, (max-width: 1071px) 543px, 580px\" \/><\/figure>\n<\/div>\n<\/div>\n","protected":false},"excerpt":{"rendered":"<p>Prvn\u00ed listopadovou ned\u011bli se konal p\u0159ebor Prahy ve spole\u010dn\u00fdch skladb\u00e1ch linie B, kter\u00fd po\u0159\u00e1dal n\u00e1\u0161 odd\u00edl. Nejprve tedy d\u011bkujeme v\u0161em tren\u00e9rk\u00e1m, rodi\u010d\u016fm a kamar\u00e1d\u016fm za pomoc p\u0159i organizaci! A d\u00e1le k v\u00fdkon\u016fm a v\u00fdsledk\u016fm na\u0161ich skladeb. Nejmlad\u0161\u00ed hol\u010di\u010dky p\u0159edvedly, \u017ee od prvn\u00edch z\u00e1vod\u016f ud\u011blaly kus pr\u00e1ce, a vybojovaly bronzov\u00e9 medaile. V 0.A kategorii se na\u0161e &hellip; <\/p>\n<p class=\"link-more\"><a href=\"https:\/\/www.mgvodnistavby.cz\/index.php\/2023\/11\/07\/prebor-prahy-linie-b\/\" class=\"more-link\">Pokra\u010dovat ve \u010dten\u00ed<span class=\"screen-reader-text\"> &#8222;P\u0159ebor Prahy linie B&#8220;<\/span><\/a><\/p>\n","protected":false},"author":1,"featured_media":0,"comment_status":"closed","ping_status":"","sticky":false,"template":"","format":"standard","meta":[],"categories":[1],"tags":[],"_links":{"self":[{"href":"https:\/\/www.mgvodnistavby.cz\/index.php\/wp-json\/wp\/v2\/posts\/549"}],"collection":[{"href":"https:\/\/www.mgvodnistavby.cz\/index.php\/wp-json\/wp\/v2\/posts"}],"about":[{"href":"https:\/\/www.mgvodnistavby.cz\/index.php\/wp-json\/wp\/v2\/types\/post"}],"author":[{"embeddable":true,"href":"https:\/\/www.mgvodnistavby.cz\/index.php\/wp-json\/wp\/v2\/users\/1"}],"replies":[{"embeddable":true,"href":"https:\/\/www.mgvodnistavby.cz\/index.php\/wp-json\/wp\/v2\/comments?post=549"}],"version-history":[{"count":1,"href":"https:\/\/www.mgvodnistavby.cz\/index.php\/wp-json\/wp\/v2\/posts\/549\/revisions"}],"predecessor-version":[{"id":552,"href":"https:\/\/www.mgvodnistavby.cz\/index.php\/wp-json\/wp\/v2\/posts\/549\/revisions\/552"}],"wp:attachment":[{"href":"https:\/\/www.mgvodnistavby.cz\/index.php\/wp-json\/wp\/v2\/media?parent=549"}],"wp:term":[{"taxonomy":"category","embeddable":true,"href":"https:\/\/www.mgvodnistavby.cz\/index.php\/wp-json\/wp\/v2\/categories?post=549"},{"taxonomy":"post_tag","embeddable":true,"href":"https:\/\/www.mgvodnistavby.cz\/index.php\/wp-json\/wp\/v2\/tags?post=549"}],"curies":[{"name":"wp","href":"https:\/\/api.w.org\/{rel}","templated":true}]}}