{"id":521,"date":"2023-05-30T20:13:16","date_gmt":"2023-05-30T20:13:16","guid":{"rendered":"http:\/\/www.mgvodnistavby.cz\/?p=521"},"modified":"2023-05-30T20:13:16","modified_gmt":"2023-05-30T20:13:16","slug":"mistrovstvi-ceske-republiky-v-kp","status":"publish","type":"post","link":"https:\/\/www.mgvodnistavby.cz\/index.php\/2023\/05\/30\/mistrovstvi-ceske-republiky-v-kp\/","title":{"rendered":"Mistrovstv\u00ed \u010cesk\u00e9 republiky v KP"},"content":{"rendered":"\n<p>V ned\u011bli 28. 5. se v kr\u00e1sn\u00e9 hale v Dub\u0148anech utkaly gymnastky o mistrovsk\u00e9 tituly v kombinovan\u00e9m programu. Do boje o co nejlep\u0161\u00ed um\u00edst\u011bn\u00ed cht\u011blo zas\u00e1hnout i 8 na\u0161ich reprezentantek.<img loading=\"lazy\" height=\"16\" width=\"16\" alt=\"\ud83e\udd70\" src=\"https:\/\/static.xx.fbcdn.net\/images\/emoji.php\/v9\/t89\/2\/16\/1f970.png\"> Ve II. kategorii cvi\u010dila Anetka, kter\u00e1 zvl\u00e1dla sv\u00e9 prvn\u00ed mistrovstv\u00ed skv\u011ble! Sestavu se \u0161vihadlem i bez n\u00e1\u010din\u00ed uk\u00e1zala p\u0159esv\u011bd\u010div\u011b a bez chyb, a t\u00edm z\u00edskala naprosto ne\u010dekan\u00e9 4. m\u00edsto.<img loading=\"lazy\" height=\"16\" width=\"16\" alt=\"\ud83e\udd73\" src=\"https:\/\/static.xx.fbcdn.net\/images\/emoji.php\/v9\/tc\/2\/16\/1f973.png\"> S m\u00ed\u010dem a s obru\u010d\u00ed se ve III. kategorii p\u0159edstavila Nat\u00e1lka. I t\u00e9 se oproti oblastn\u00edmu p\u0159eboru zada\u0159ilo mnohem l\u00e9pe a napjat\u011b jsme \u010dekali, na co jej\u00ed par\u00e1dn\u00ed v\u00fdkon bude sta\u010dit. Nakonec jsme se radovali z bronzov\u00e9 medaile!<img loading=\"lazy\" height=\"16\" width=\"16\" alt=\"\ud83e\udd49\" src=\"https:\/\/static.xx.fbcdn.net\/images\/emoji.php\/v9\/t35\/2\/16\/1f949.png\"><img loading=\"lazy\" height=\"16\" width=\"16\" alt=\"\ud83d\udc4f\" src=\"https:\/\/static.xx.fbcdn.net\/images\/emoji.php\/v9\/t9d\/2\/16\/1f44f.png\"><\/p>\n\n\n\n<p>Ve IV. kategorii p\u0159edvedla stuhu a ku\u017eele Viky. Ob\u011b sestavy zacvi\u010dila moc hezky a obsadila v\u00fdborn\u00e9 11. m\u00edsto.<img loading=\"lazy\" height=\"16\" width=\"16\" alt=\"\ud83d\ude18\" src=\"https:\/\/static.xx.fbcdn.net\/images\/emoji.php\/v9\/t14\/2\/16\/1f618.png\"> Mezi \u017eenami jsme se t\u011b\u0161ili na na\u0161ich 5 \u017eel\u00edzek v ohni. So\u0148a cvi\u010dila s v\u00fdrazem a velkou energi\u00ed, bohu\u017eel v\u011bt\u0161\u00ed chyby ve stuze j\u00ed st\u00e1ly lep\u0161\u00ed ne\u017e 17. m\u00edsto.<img loading=\"lazy\" height=\"16\" width=\"16\" alt=\"\ud83e\udd70\" src=\"https:\/\/static.xx.fbcdn.net\/images\/emoji.php\/v9\/t89\/2\/16\/1f970.png\"> Sa\u0161a uk\u00e1zala skv\u011bl\u00e9 ku\u017eele (s nejvy\u0161\u0161\u00ed zn\u00e1mkou v tomto n\u00e1\u010din\u00ed!), v m\u00ed\u010di ale bylo n\u011bkolik nep\u0159esnost\u00ed. P\u0159esto se Sa\u0161a ve\u0161la do nejlep\u0161\u00ed des\u00edtky.<img loading=\"lazy\" height=\"16\" width=\"16\" alt=\"\ud83e\udd29\" src=\"https:\/\/static.xx.fbcdn.net\/images\/emoji.php\/v9\/tf7\/2\/16\/1f929.png\"> D\u00e1l u\u017e se na place d\u011bly neskute\u010dn\u00e9 v\u011bci. Niky, Deni a Vanda p\u0159edvedly sv\u00e9 sestavy tak, jak jsme si p\u0159edstavovali &#8211; \u010dist\u011b, bez chyb, s v\u00fdrazem a na plno v ka\u017ed\u00e9m pohybu. Nena\u0161ly p\u0159emo\u017eitelky a obsadily kompletn\u00ed stupn\u011b v\u00edt\u011bz\u016f!<img loading=\"lazy\" height=\"16\" width=\"16\" alt=\"\ud83e\udd79\" src=\"https:\/\/static.xx.fbcdn.net\/images\/emoji.php\/v9\/t12\/2\/16\/1f979.png\"> Mistryn\u00ed \u010cR se stala Vanda, st\u0159\u00edbro z\u00edskala Deniska a bronz Nik\u010da.<img loading=\"lazy\" height=\"16\" width=\"16\" alt=\"\ud83e\udd47\" src=\"https:\/\/static.xx.fbcdn.net\/images\/emoji.php\/v9\/t33\/2\/16\/1f947.png\"><img loading=\"lazy\" height=\"16\" width=\"16\" alt=\"\ud83e\udd48\" src=\"https:\/\/static.xx.fbcdn.net\/images\/emoji.php\/v9\/tb4\/2\/16\/1f948.png\"><img loading=\"lazy\" height=\"16\" width=\"16\" alt=\"\ud83e\udd49\" src=\"https:\/\/static.xx.fbcdn.net\/images\/emoji.php\/v9\/t35\/2\/16\/1f949.png\">Tak\u00e9 kolegyn\u00edm s dal\u0161\u00edch pra\u017esk\u00fdch odd\u00edl\u016f se da\u0159ilo nad o\u010dek\u00e1v\u00e1n\u00ed. V sout\u011b\u017ei dru\u017estev to tak byl historick\u00fd \u00fasp\u011bch. Na nejvy\u0161\u0161\u00ed p\u0159\u00ed\u010dku vystoupilo dru\u017estvo Praha 1 s na\u0161\u00ed Vandou, 2. m\u00edsto obsadilo dru\u017estvo Praha 2 s Deni a na bronz dos\u00e1hlo dru\u017estvo Praha 5, kter\u00e9mu k takov\u00e9mu skv\u011bl\u00e9mu posunu pomohly Anetka s Nik\u010dou.<img loading=\"lazy\" height=\"16\" width=\"16\" alt=\"\ud83e\udd47\" src=\"https:\/\/static.xx.fbcdn.net\/images\/emoji.php\/v9\/t33\/2\/16\/1f947.png\"><img loading=\"lazy\" height=\"16\" width=\"16\" alt=\"\ud83e\udd48\" src=\"https:\/\/static.xx.fbcdn.net\/images\/emoji.php\/v9\/tb4\/2\/16\/1f948.png\"><img loading=\"lazy\" height=\"16\" width=\"16\" alt=\"\ud83e\udd49\" src=\"https:\/\/static.xx.fbcdn.net\/images\/emoji.php\/v9\/t35\/2\/16\/1f949.png\"> Dal\u0161\u00ed dv\u011b dru\u017estva pak obsadily 5. a 9. m\u00edsto z celkov\u00e9ho po\u010dtu 25 dru\u017estev.<img loading=\"lazy\" height=\"16\" width=\"16\" alt=\"\ud83d\udc4f\" src=\"https:\/\/static.xx.fbcdn.net\/images\/emoji.php\/v9\/t9d\/2\/16\/1f44f.png\"><\/p>\n\n\n\n<p>Moc gratulujeme a d\u011bkujeme v\u0161em gymnastk\u00e1m za v\u00fdbornou reprezentaci na\u0161eho odd\u00edlu. M\u00e1me velkou radost.<img loading=\"lazy\" height=\"16\" width=\"16\" alt=\"\u263a\ufe0f\" src=\"https:\/\/static.xx.fbcdn.net\/images\/emoji.php\/v9\/t7c\/2\/16\/263a.png\"><\/p>\n\n\n\n<div class=\"wp-block-columns\">\n<div class=\"wp-block-column\">\n<figure class=\"wp-block-image size-large\"><img loading=\"lazy\" width=\"1024\" height=\"678\" src=\"https:\/\/www.mgvodnistavby.cz\/wp-content\/uploads\/2023\/05\/DSC_0033-1024x678.jpg\" alt=\"\" class=\"wp-image-522\" srcset=\"https:\/\/www.mgvodnistavby.cz\/wp-content\/uploads\/2023\/05\/DSC_0033-1024x678.jpg 1024w, https:\/\/www.mgvodnistavby.cz\/wp-content\/uploads\/2023\/05\/DSC_0033-300x199.jpg 300w, https:\/\/www.mgvodnistavby.cz\/wp-content\/uploads\/2023\/05\/DSC_0033-768x509.jpg 768w, https:\/\/www.mgvodnistavby.cz\/wp-content\/uploads\/2023\/05\/DSC_0033-1536x1018.jpg 1536w, https:\/\/www.mgvodnistavby.cz\/wp-content\/uploads\/2023\/05\/DSC_0033.jpg 2000w\" sizes=\"(max-width: 767px) 89vw, (max-width: 1000px) 54vw, (max-width: 1071px) 543px, 580px\" \/><\/figure>\n<\/div>\n\n\n\n<div class=\"wp-block-column\">\n<figure class=\"wp-block-image size-large\"><img loading=\"lazy\" width=\"1024\" height=\"678\" src=\"https:\/\/www.mgvodnistavby.cz\/wp-content\/uploads\/2023\/05\/DSC_0044-1024x678.jpg\" alt=\"\" class=\"wp-image-523\" srcset=\"https:\/\/www.mgvodnistavby.cz\/wp-content\/uploads\/2023\/05\/DSC_0044-1024x678.jpg 1024w, https:\/\/www.mgvodnistavby.cz\/wp-content\/uploads\/2023\/05\/DSC_0044-300x199.jpg 300w, https:\/\/www.mgvodnistavby.cz\/wp-content\/uploads\/2023\/05\/DSC_0044-768x509.jpg 768w, https:\/\/www.mgvodnistavby.cz\/wp-content\/uploads\/2023\/05\/DSC_0044-1536x1018.jpg 1536w, https:\/\/www.mgvodnistavby.cz\/wp-content\/uploads\/2023\/05\/DSC_0044.jpg 2000w\" sizes=\"(max-width: 767px) 89vw, (max-width: 1000px) 54vw, (max-width: 1071px) 543px, 580px\" \/><\/figure>\n<\/div>\n<\/div>\n","protected":false},"excerpt":{"rendered":"<p>V ned\u011bli 28. 5. se v kr\u00e1sn\u00e9 hale v Dub\u0148anech utkaly gymnastky o mistrovsk\u00e9 tituly v kombinovan\u00e9m programu. Do boje o co nejlep\u0161\u00ed um\u00edst\u011bn\u00ed cht\u011blo zas\u00e1hnout i 8 na\u0161ich reprezentantek. Ve II. kategorii cvi\u010dila Anetka, kter\u00e1 zvl\u00e1dla sv\u00e9 prvn\u00ed mistrovstv\u00ed skv\u011ble! Sestavu se \u0161vihadlem i bez n\u00e1\u010din\u00ed uk\u00e1zala p\u0159esv\u011bd\u010div\u011b a bez chyb, a t\u00edm z\u00edskala &hellip; <\/p>\n<p class=\"link-more\"><a href=\"https:\/\/www.mgvodnistavby.cz\/index.php\/2023\/05\/30\/mistrovstvi-ceske-republiky-v-kp\/\" class=\"more-link\">Pokra\u010dovat ve \u010dten\u00ed<span class=\"screen-reader-text\"> &#8222;Mistrovstv\u00ed \u010cesk\u00e9 republiky v KP&#8220;<\/span><\/a><\/p>\n","protected":false},"author":1,"featured_media":0,"comment_status":"closed","ping_status":"","sticky":false,"template":"","format":"standard","meta":[],"categories":[1],"tags":[],"_links":{"self":[{"href":"https:\/\/www.mgvodnistavby.cz\/index.php\/wp-json\/wp\/v2\/posts\/521"}],"collection":[{"href":"https:\/\/www.mgvodnistavby.cz\/index.php\/wp-json\/wp\/v2\/posts"}],"about":[{"href":"https:\/\/www.mgvodnistavby.cz\/index.php\/wp-json\/wp\/v2\/types\/post"}],"author":[{"embeddable":true,"href":"https:\/\/www.mgvodnistavby.cz\/index.php\/wp-json\/wp\/v2\/users\/1"}],"replies":[{"embeddable":true,"href":"https:\/\/www.mgvodnistavby.cz\/index.php\/wp-json\/wp\/v2\/comments?post=521"}],"version-history":[{"count":1,"href":"https:\/\/www.mgvodnistavby.cz\/index.php\/wp-json\/wp\/v2\/posts\/521\/revisions"}],"predecessor-version":[{"id":524,"href":"https:\/\/www.mgvodnistavby.cz\/index.php\/wp-json\/wp\/v2\/posts\/521\/revisions\/524"}],"wp:attachment":[{"href":"https:\/\/www.mgvodnistavby.cz\/index.php\/wp-json\/wp\/v2\/media?parent=521"}],"wp:term":[{"taxonomy":"category","embeddable":true,"href":"https:\/\/www.mgvodnistavby.cz\/index.php\/wp-json\/wp\/v2\/categories?post=521"},{"taxonomy":"post_tag","embeddable":true,"href":"https:\/\/www.mgvodnistavby.cz\/index.php\/wp-json\/wp\/v2\/tags?post=521"}],"curies":[{"name":"wp","href":"https:\/\/api.w.org\/{rel}","templated":true}]}}