{"id":516,"date":"2023-05-23T20:07:48","date_gmt":"2023-05-23T20:07:48","guid":{"rendered":"http:\/\/www.mgvodnistavby.cz\/?p=516"},"modified":"2023-05-24T09:00:35","modified_gmt":"2023-05-24T09:00:35","slug":"prebor-prahy-v-kp","status":"publish","type":"post","link":"https:\/\/www.mgvodnistavby.cz\/index.php\/2023\/05\/23\/prebor-prahy-v-kp\/","title":{"rendered":"P\u0159ebor Prahy v KP"},"content":{"rendered":"\n<p>V ned\u011bli 21. 5. jsme po\u0159\u00e1dali p\u0159ebor Prahy v kombinovan\u00e9m programu, kde se bojovalo o postupov\u00e1 m\u00edsta na M\u010cR.<img loading=\"lazy\" height=\"16\" width=\"16\" alt=\"\ud83c\udf40\" src=\"https:\/\/static.xx.fbcdn.net\/images\/emoji.php\/v9\/t26\/2\/16\/1f340.png\"> I.A kategorie je sice nepostupov\u00e1, za to n\u00e1m p\u0159inesla dv\u011b medaile &#8211; st\u0159\u00edbro si odnesla Ver\u010da a bronz Claudinka.<img loading=\"lazy\" height=\"16\" width=\"16\" alt=\"\ud83e\udd48\" src=\"https:\/\/static.xx.fbcdn.net\/images\/emoji.php\/v9\/tb4\/2\/16\/1f948.png\"><img loading=\"lazy\" height=\"16\" width=\"16\" alt=\"\ud83e\udd49\" src=\"https:\/\/static.xx.fbcdn.net\/images\/emoji.php\/v9\/t35\/2\/16\/1f949.png\"> V dal\u0161\u00edch kategori\u00edch jsme byli v o\u010dek\u00e1v\u00e1n\u00ed, jak se holk\u00e1m povede vyrovnat s vlastn\u00edmi nervy a velkou konkurenc\u00ed.<img loading=\"lazy\" height=\"16\" width=\"16\" alt=\"\ud83d\ude0a\" src=\"https:\/\/static.xx.fbcdn.net\/images\/emoji.php\/v9\/t1e\/2\/16\/1f60a.png\"> P\u011bkn\u00fd v\u00fdkon ve II. kategorii p\u0159edvedla Anetka, skon\u010dila na 5. p\u0159\u00ed\u010dce, a t\u00edm si zajistila \u00fa\u010dast na sv\u00e9m prvn\u00edm individu\u00e1ln\u00edm mistrovstv\u00ed!<img loading=\"lazy\" height=\"16\" width=\"16\" alt=\"\ud83e\udd73\" src=\"https:\/\/static.xx.fbcdn.net\/images\/emoji.php\/v9\/tc\/2\/16\/1f973.png\"> Spole\u010dn\u011b pak s Terkou, Luckou a K\u00e1jou z\u00edskala bronz.<img loading=\"lazy\" height=\"16\" width=\"16\" alt=\"\ud83e\udd49\" src=\"https:\/\/static.xx.fbcdn.net\/images\/emoji.php\/v9\/t35\/2\/16\/1f949.png\"> Na 4. m\u00edst\u011b skon\u010dilo na\u0161e dru\u017estvo ve slo\u017een\u00ed Terezka, Just\u00fdnka a Sofi a na 5. p\u0159\u00ed\u010dce se um\u00edstily Maru\u0161ka, Eli\u0161ka a Thea.<\/p>\n\n\n\n<p>S obru\u010d\u00ed a m\u00ed\u010dem se nejl\u00e9pe zada\u0159ilo Nat\u00e1lce, kter\u00e1 byla t\u011bsn\u011b pod stupni v\u00edt\u011bz\u016f.<img loading=\"lazy\" height=\"16\" width=\"16\" alt=\"\ud83d\udc4f\" src=\"https:\/\/static.xx.fbcdn.net\/images\/emoji.php\/v9\/t9d\/2\/16\/1f44f.png\"> Na hezk\u00e9m 7. m\u00edst\u011b skon\u010dila Krist\u00fdnka. V sout\u011b\u017ei dru\u017estev z\u00edskaly s Bar\u010dou a Johankou st\u0159\u00edbro.<img loading=\"lazy\" height=\"16\" width=\"16\" alt=\"\ud83e\udd48\" src=\"https:\/\/static.xx.fbcdn.net\/images\/emoji.php\/v9\/tb4\/2\/16\/1f948.png\"> Na\u0161e druh\u00e9 dru\u017estvo Nikoleta, Viky, Nel\u010da a Kiki obsadilo 5. m\u00edsto. Ve IV. kategorii m\u011bla velkou radost z bronzu a postupu na M\u010cR Viky.<img loading=\"lazy\" height=\"16\" width=\"16\" alt=\"\ud83e\udd49\" src=\"https:\/\/static.xx.fbcdn.net\/images\/emoji.php\/v9\/t35\/2\/16\/1f949.png\"> Medaile za 3. m\u00edsto z\u00edskalo i dru\u017estvo Viky, \u00c1\u0148a, S\u00e1ra a Ani\u010dka.<img loading=\"lazy\" height=\"16\" width=\"16\" alt=\"\ud83e\udd49\" src=\"https:\/\/static.xx.fbcdn.net\/images\/emoji.php\/v9\/t35\/2\/16\/1f949.png\"> Tradi\u010dn\u011b siln\u00e1 je V. kategorie, kde se na\u0161ich 6 \u017een um\u00edstilo v prvn\u00ed sedmi\u010dce.<img loading=\"lazy\" height=\"16\" width=\"16\" alt=\"\ud83d\udc4d\" src=\"https:\/\/static.xx.fbcdn.net\/images\/emoji.php\/v9\/t9b\/2\/16\/1f44d.png\"> Na stupn\u011b v\u00edt\u011bz\u016f vystoupily Vanda, Deni a Sa\u0161a, na 4. p\u0159\u00ed\u010dce skon\u010dila So\u0148a, na 5. Niky a na 7. Lucka.<img loading=\"lazy\" height=\"16\" width=\"16\" alt=\"\ud83e\udd47\" src=\"https:\/\/static.xx.fbcdn.net\/images\/emoji.php\/v9\/t33\/2\/16\/1f947.png\"><img loading=\"lazy\" height=\"16\" width=\"16\" alt=\"\ud83e\udd48\" src=\"https:\/\/static.xx.fbcdn.net\/images\/emoji.php\/v9\/tb4\/2\/16\/1f948.png\"><img loading=\"lazy\" height=\"16\" width=\"16\" alt=\"\ud83e\udd49\" src=\"https:\/\/static.xx.fbcdn.net\/images\/emoji.php\/v9\/t35\/2\/16\/1f949.png\"> Holky si pak rozd\u011blily i zlato a st\u0159\u00edbro za dru\u017estva.<img loading=\"lazy\" height=\"16\" width=\"16\" alt=\"\ud83e\udd47\" src=\"https:\/\/static.xx.fbcdn.net\/images\/emoji.php\/v9\/t33\/2\/16\/1f947.png\"><img loading=\"lazy\" height=\"16\" width=\"16\" alt=\"\ud83e\udd48\" src=\"https:\/\/static.xx.fbcdn.net\/images\/emoji.php\/v9\/tb4\/2\/16\/1f948.png\"><\/p>\n\n\n\n<p>Celkem tedy budeme fandit u\u017e v ned\u011bli 28. 5. osmi na\u0161im reprezentantk\u00e1m na M\u010cR v Dub\u0148anech!<img loading=\"lazy\" height=\"16\" width=\"16\" alt=\"\ud83d\ude0d\" src=\"https:\/\/static.xx.fbcdn.net\/images\/emoji.php\/v9\/ta1\/2\/16\/1f60d.png\"> Moc gratulujeme v\u0161em k p\u0159edveden\u00fdm v\u00fdkon\u016fm a rodi\u010d\u016fm op\u011bt d\u011bkujeme za pomoc s organizac\u00ed.<img loading=\"lazy\" height=\"16\" width=\"16\" alt=\"\ud83d\ude0a\" src=\"https:\/\/static.xx.fbcdn.net\/images\/emoji.php\/v9\/t1e\/2\/16\/1f60a.png\"><\/p>\n\n\n\n<div class=\"wp-block-columns\">\n<div class=\"wp-block-column\">\n<figure class=\"wp-block-image size-large\"><img loading=\"lazy\" width=\"768\" height=\"1024\" src=\"https:\/\/www.mgvodnistavby.cz\/wp-content\/uploads\/2023\/05\/WhatsApp-Image-2023-05-23-at-12.23.33-768x1024.jpeg\" alt=\"\" class=\"wp-image-517\" srcset=\"https:\/\/www.mgvodnistavby.cz\/wp-content\/uploads\/2023\/05\/WhatsApp-Image-2023-05-23-at-12.23.33-768x1024.jpeg 768w, https:\/\/www.mgvodnistavby.cz\/wp-content\/uploads\/2023\/05\/WhatsApp-Image-2023-05-23-at-12.23.33-225x300.jpeg 225w, https:\/\/www.mgvodnistavby.cz\/wp-content\/uploads\/2023\/05\/WhatsApp-Image-2023-05-23-at-12.23.33-1152x1536.jpeg 1152w, https:\/\/www.mgvodnistavby.cz\/wp-content\/uploads\/2023\/05\/WhatsApp-Image-2023-05-23-at-12.23.33.jpeg 1200w\" sizes=\"(max-width: 767px) 89vw, (max-width: 1000px) 54vw, (max-width: 1071px) 543px, 580px\" \/><\/figure>\n<\/div>\n\n\n\n<div class=\"wp-block-column\">\n<figure class=\"wp-block-image size-large\"><img loading=\"lazy\" width=\"768\" height=\"1024\" src=\"https:\/\/www.mgvodnistavby.cz\/wp-content\/uploads\/2023\/05\/WhatsApp-Image-2023-05-23-at-12.23.44-768x1024.jpeg\" alt=\"\" class=\"wp-image-518\" srcset=\"https:\/\/www.mgvodnistavby.cz\/wp-content\/uploads\/2023\/05\/WhatsApp-Image-2023-05-23-at-12.23.44-768x1024.jpeg 768w, https:\/\/www.mgvodnistavby.cz\/wp-content\/uploads\/2023\/05\/WhatsApp-Image-2023-05-23-at-12.23.44-225x300.jpeg 225w, https:\/\/www.mgvodnistavby.cz\/wp-content\/uploads\/2023\/05\/WhatsApp-Image-2023-05-23-at-12.23.44-1152x1536.jpeg 1152w, https:\/\/www.mgvodnistavby.cz\/wp-content\/uploads\/2023\/05\/WhatsApp-Image-2023-05-23-at-12.23.44.jpeg 1536w\" sizes=\"(max-width: 767px) 89vw, (max-width: 1000px) 54vw, (max-width: 1071px) 543px, 580px\" \/><\/figure>\n<\/div>\n<\/div>\n","protected":false},"excerpt":{"rendered":"<p>V ned\u011bli 21. 5. jsme po\u0159\u00e1dali p\u0159ebor Prahy v kombinovan\u00e9m programu, kde se bojovalo o postupov\u00e1 m\u00edsta na M\u010cR. I.A kategorie je sice nepostupov\u00e1, za to n\u00e1m p\u0159inesla dv\u011b medaile &#8211; st\u0159\u00edbro si odnesla Ver\u010da a bronz Claudinka. V dal\u0161\u00edch kategori\u00edch jsme byli v o\u010dek\u00e1v\u00e1n\u00ed, jak se holk\u00e1m povede vyrovnat s vlastn\u00edmi nervy a velkou &hellip; <\/p>\n<p class=\"link-more\"><a href=\"https:\/\/www.mgvodnistavby.cz\/index.php\/2023\/05\/23\/prebor-prahy-v-kp\/\" class=\"more-link\">Pokra\u010dovat ve \u010dten\u00ed<span class=\"screen-reader-text\"> &#8222;P\u0159ebor Prahy v KP&#8220;<\/span><\/a><\/p>\n","protected":false},"author":1,"featured_media":0,"comment_status":"closed","ping_status":"","sticky":false,"template":"","format":"standard","meta":[],"categories":[1],"tags":[],"_links":{"self":[{"href":"https:\/\/www.mgvodnistavby.cz\/index.php\/wp-json\/wp\/v2\/posts\/516"}],"collection":[{"href":"https:\/\/www.mgvodnistavby.cz\/index.php\/wp-json\/wp\/v2\/posts"}],"about":[{"href":"https:\/\/www.mgvodnistavby.cz\/index.php\/wp-json\/wp\/v2\/types\/post"}],"author":[{"embeddable":true,"href":"https:\/\/www.mgvodnistavby.cz\/index.php\/wp-json\/wp\/v2\/users\/1"}],"replies":[{"embeddable":true,"href":"https:\/\/www.mgvodnistavby.cz\/index.php\/wp-json\/wp\/v2\/comments?post=516"}],"version-history":[{"count":2,"href":"https:\/\/www.mgvodnistavby.cz\/index.php\/wp-json\/wp\/v2\/posts\/516\/revisions"}],"predecessor-version":[{"id":520,"href":"https:\/\/www.mgvodnistavby.cz\/index.php\/wp-json\/wp\/v2\/posts\/516\/revisions\/520"}],"wp:attachment":[{"href":"https:\/\/www.mgvodnistavby.cz\/index.php\/wp-json\/wp\/v2\/media?parent=516"}],"wp:term":[{"taxonomy":"category","embeddable":true,"href":"https:\/\/www.mgvodnistavby.cz\/index.php\/wp-json\/wp\/v2\/categories?post=516"},{"taxonomy":"post_tag","embeddable":true,"href":"https:\/\/www.mgvodnistavby.cz\/index.php\/wp-json\/wp\/v2\/tags?post=516"}],"curies":[{"name":"wp","href":"https:\/\/api.w.org\/{rel}","templated":true}]}}