{"id":501,"date":"2023-05-07T19:05:32","date_gmt":"2023-05-07T19:05:32","guid":{"rendered":"http:\/\/www.mgvodnistavby.cz\/?p=501"},"modified":"2023-10-28T16:26:56","modified_gmt":"2023-10-28T16:26:56","slug":"zavod-ke-dni-deti-3","status":"publish","type":"post","link":"https:\/\/www.mgvodnistavby.cz\/index.php\/2023\/05\/07\/zavod-ke-dni-deti-3\/","title":{"rendered":"Z\u00e1vod ke Dni d\u011bt\u00ed"},"content":{"rendered":"\n<p>N\u00e1\u0161 ka\u017edoro\u010dn\u00ed Z\u00e1vod ke Dni d\u011bt\u00ed p\u0159ipadl na sobotu 6. kv\u011btna a krom\u011b v\u0161ech \u0161esti kategori\u00ed kombinovan\u00e9ho programu jsme p\u0159idali je\u0161t\u011b I. kategorii z\u00e1kladn\u00edho programu, tak\u017ee se p\u0159edstavila naprost\u00e1 v\u011bt\u0161ina na\u0161ich gymnastek.<img loading=\"lazy\" height=\"16\" width=\"16\" alt=\"\ud83d\udcaa\" src=\"https:\/\/static.xx.fbcdn.net\/images\/emoji.php\/v9\/tb\/2\/16\/1f4aa.png\"><\/p>\n\n\n\n<p>R\u00e1no zah\u00e1jily hol\u010di\u010dky z I.A, kde se da\u0159\u00ed Ver\u010de, kter\u00e1 tentokr\u00e1t z\u00edskala bronz.<img loading=\"lazy\" height=\"16\" width=\"16\" alt=\"\ud83e\udd49\" src=\"https:\/\/static.xx.fbcdn.net\/images\/emoji.php\/v9\/t35\/2\/16\/1f949.png\">Pochvalu ale zaslou\u017e\u00ed v\u0161echny &#8211; pro n\u011bkter\u00e9 to byl dokonce prvn\u00ed z\u00e1vod v \u017eivot\u011b!<img loading=\"lazy\" height=\"16\" width=\"16\" alt=\"\ud83d\ude0d\" src=\"https:\/\/static.xx.fbcdn.net\/images\/emoji.php\/v9\/ta1\/2\/16\/1f60d.png\"> V I. ZP a II. i III. KP n\u00e1s n\u00e1\u010din\u00ed moc neposlouchalo a nahromadilo se spoustu chyb. V ZP z\u00edskala nejlep\u0161\u00ed um\u00edst\u011bn\u00ed 10. Lucinka, ve II. KP obsadila hezk\u00e9 6. m\u00edsto Anetka a za obru\u010d a m\u00ed\u010d byla z na\u0161ich nejv\u00fd\u0161e 7. Bar\u010da.<img loading=\"lazy\" height=\"16\" width=\"16\" alt=\"\ud83d\ude09\" src=\"https:\/\/static.xx.fbcdn.net\/images\/emoji.php\/v9\/tf6\/2\/16\/1f609.png\"><\/p>\n\n\n\n<p>Z\u00e1vodnice z posledn\u00edch dvou kategori\u00ed n\u00e1s moc pot\u011b\u0161ily!<img loading=\"lazy\" height=\"16\" width=\"16\" alt=\"\ud83e\udd73\" src=\"https:\/\/static.xx.fbcdn.net\/images\/emoji.php\/v9\/tc\/2\/16\/1f973.png\"> Ve IV. kategorii p\u0159edvedly kr\u00e1sn\u00e9 sestavy \u00c1\u0148a a Viky, za kter\u00e9 vybojovaly 3. a 5. m\u00edsto.<img loading=\"lazy\" height=\"16\" width=\"16\" alt=\"\ud83e\udd49\" src=\"https:\/\/static.xx.fbcdn.net\/images\/emoji.php\/v9\/t35\/2\/16\/1f949.png\"> Z\u00e1\u017eitkem bylo vystoupen\u00ed na\u0161ich \u017een. Obsadily kompletn\u00ed stupn\u011b v\u00edt\u011bz\u016f, kdy\u017e zlato z\u00edskala Niky, st\u0159\u00edbro Deni a bronz Vanda.<img loading=\"lazy\" height=\"16\" width=\"16\" alt=\"\ud83e\udd47\" src=\"https:\/\/static.xx.fbcdn.net\/images\/emoji.php\/v9\/t33\/2\/16\/1f947.png\"><img loading=\"lazy\" height=\"16\" width=\"16\" alt=\"\ud83e\udd48\" src=\"https:\/\/static.xx.fbcdn.net\/images\/emoji.php\/v9\/tb4\/2\/16\/1f948.png\"><img loading=\"lazy\" height=\"16\" width=\"16\" alt=\"\ud83e\udd49\" src=\"https:\/\/static.xx.fbcdn.net\/images\/emoji.php\/v9\/t35\/2\/16\/1f949.png\"> K tomu n\u00e1m pat\u0159ilo i 4. m\u00edsto z\u00e1sluhou Sa\u0161i. Tradi\u010dn\u011b vyhla\u0161ujeme tak\u00e9 sout\u011b\u017e dru\u017estev a na\u0161e d\u011bv\u010data si odnesla bronzov\u00e9 poh\u00e1ry.<img loading=\"lazy\" height=\"16\" width=\"16\" alt=\"\ud83e\udd49\" src=\"https:\/\/static.xx.fbcdn.net\/images\/emoji.php\/v9\/t35\/2\/16\/1f949.png\"><img loading=\"lazy\" height=\"16\" width=\"16\" alt=\"\ud83c\udfc6\" src=\"https:\/\/static.xx.fbcdn.net\/images\/emoji.php\/v9\/t5d\/2\/16\/1f3c6.png\"><\/p>\n\n\n\n<p>Moc d\u011bkujeme v\u0161em rodi\u010d\u016fm, kamar\u00e1d\u016fm a gymnastk\u00e1m, kter\u00e9 n\u00e1m pomohli s p\u0159\u00edpravou i samotn\u00fdm pr\u016fb\u011bhem z\u00e1vodu. Z\u00e1vod by se nemohl uskute\u010dnit tak\u00e9 bez podpory <strong>Magistr\u00e1tu hlavn\u00edho m\u011bsta Prahy, M\u010c Praha 4 a M\u010c Praha 15.<\/strong> <img loading=\"lazy\" height=\"16\" width=\"16\" alt=\"\ud83d\udc99\" src=\"https:\/\/static.xx.fbcdn.net\/images\/emoji.php\/v9\/tb\/2\/16\/1f499.png\"><img loading=\"lazy\" height=\"16\" width=\"16\" alt=\"\ud83d\udc99\" src=\"https:\/\/static.xx.fbcdn.net\/images\/emoji.php\/v9\/tb\/2\/16\/1f499.png\"><img loading=\"lazy\" height=\"16\" width=\"16\" alt=\"\ud83d\udc99\" src=\"https:\/\/static.xx.fbcdn.net\/images\/emoji.php\/v9\/tb\/2\/16\/1f499.png\"><\/p>\n\n\n\n<div class=\"wp-block-columns\">\n<div class=\"wp-block-column\" style=\"flex-basis:100%\">\n<div class=\"wp-block-columns\">\n<div class=\"wp-block-column\">\n<figure class=\"wp-block-image size-large\"><img loading=\"lazy\" width=\"768\" height=\"1024\" src=\"https:\/\/www.mgvodnistavby.cz\/wp-content\/uploads\/2023\/05\/IMG_0395-768x1024.jpeg\" alt=\"\" class=\"wp-image-502\" srcset=\"https:\/\/www.mgvodnistavby.cz\/wp-content\/uploads\/2023\/05\/IMG_0395-768x1024.jpeg 768w, https:\/\/www.mgvodnistavby.cz\/wp-content\/uploads\/2023\/05\/IMG_0395-225x300.jpeg 225w, https:\/\/www.mgvodnistavby.cz\/wp-content\/uploads\/2023\/05\/IMG_0395-1152x1536.jpeg 1152w, https:\/\/www.mgvodnistavby.cz\/wp-content\/uploads\/2023\/05\/IMG_0395.jpeg 1536w\" sizes=\"(max-width: 767px) 89vw, (max-width: 1000px) 54vw, (max-width: 1071px) 543px, 580px\" \/><\/figure>\n<\/div>\n\n\n\n<div class=\"wp-block-column\">\n<figure class=\"wp-block-image size-large\"><img loading=\"lazy\" width=\"768\" height=\"1024\" src=\"https:\/\/www.mgvodnistavby.cz\/wp-content\/uploads\/2023\/05\/1650baff-402a-475a-ad04-feef046aca05.jpg\" alt=\"\" class=\"wp-image-503\" srcset=\"https:\/\/www.mgvodnistavby.cz\/wp-content\/uploads\/2023\/05\/1650baff-402a-475a-ad04-feef046aca05.jpg 768w, https:\/\/www.mgvodnistavby.cz\/wp-content\/uploads\/2023\/05\/1650baff-402a-475a-ad04-feef046aca05-225x300.jpg 225w\" sizes=\"(max-width: 767px) 89vw, (max-width: 1000px) 54vw, (max-width: 1071px) 543px, 580px\" \/><\/figure>\n<\/div>\n<\/div>\n<\/div>\n<\/div>\n","protected":false},"excerpt":{"rendered":"<p>N\u00e1\u0161 ka\u017edoro\u010dn\u00ed Z\u00e1vod ke Dni d\u011bt\u00ed p\u0159ipadl na sobotu 6. kv\u011btna a krom\u011b v\u0161ech \u0161esti kategori\u00ed kombinovan\u00e9ho programu jsme p\u0159idali je\u0161t\u011b I. kategorii z\u00e1kladn\u00edho programu, tak\u017ee se p\u0159edstavila naprost\u00e1 v\u011bt\u0161ina na\u0161ich gymnastek. R\u00e1no zah\u00e1jily hol\u010di\u010dky z I.A, kde se da\u0159\u00ed Ver\u010de, kter\u00e1 tentokr\u00e1t z\u00edskala bronz.Pochvalu ale zaslou\u017e\u00ed v\u0161echny &#8211; pro n\u011bkter\u00e9 to byl dokonce prvn\u00ed &hellip; <\/p>\n<p class=\"link-more\"><a href=\"https:\/\/www.mgvodnistavby.cz\/index.php\/2023\/05\/07\/zavod-ke-dni-deti-3\/\" class=\"more-link\">Pokra\u010dovat ve \u010dten\u00ed<span class=\"screen-reader-text\"> &#8222;Z\u00e1vod ke Dni d\u011bt\u00ed&#8220;<\/span><\/a><\/p>\n","protected":false},"author":1,"featured_media":0,"comment_status":"closed","ping_status":"","sticky":false,"template":"","format":"standard","meta":[],"categories":[1],"tags":[],"_links":{"self":[{"href":"https:\/\/www.mgvodnistavby.cz\/index.php\/wp-json\/wp\/v2\/posts\/501"}],"collection":[{"href":"https:\/\/www.mgvodnistavby.cz\/index.php\/wp-json\/wp\/v2\/posts"}],"about":[{"href":"https:\/\/www.mgvodnistavby.cz\/index.php\/wp-json\/wp\/v2\/types\/post"}],"author":[{"embeddable":true,"href":"https:\/\/www.mgvodnistavby.cz\/index.php\/wp-json\/wp\/v2\/users\/1"}],"replies":[{"embeddable":true,"href":"https:\/\/www.mgvodnistavby.cz\/index.php\/wp-json\/wp\/v2\/comments?post=501"}],"version-history":[{"count":3,"href":"https:\/\/www.mgvodnistavby.cz\/index.php\/wp-json\/wp\/v2\/posts\/501\/revisions"}],"predecessor-version":[{"id":544,"href":"https:\/\/www.mgvodnistavby.cz\/index.php\/wp-json\/wp\/v2\/posts\/501\/revisions\/544"}],"wp:attachment":[{"href":"https:\/\/www.mgvodnistavby.cz\/index.php\/wp-json\/wp\/v2\/media?parent=501"}],"wp:term":[{"taxonomy":"category","embeddable":true,"href":"https:\/\/www.mgvodnistavby.cz\/index.php\/wp-json\/wp\/v2\/categories?post=501"},{"taxonomy":"post_tag","embeddable":true,"href":"https:\/\/www.mgvodnistavby.cz\/index.php\/wp-json\/wp\/v2\/tags?post=501"}],"curies":[{"name":"wp","href":"https:\/\/api.w.org\/{rel}","templated":true}]}}