{"id":497,"date":"2023-05-01T11:20:51","date_gmt":"2023-05-01T11:20:51","guid":{"rendered":"http:\/\/www.mgvodnistavby.cz\/?p=497"},"modified":"2023-05-01T11:20:51","modified_gmt":"2023-05-01T11:20:51","slug":"lazensky-pohar","status":"publish","type":"post","link":"https:\/\/www.mgvodnistavby.cz\/index.php\/2023\/05\/01\/lazensky-pohar\/","title":{"rendered":"L\u00e1ze\u0148sk\u00fd poh\u00e1r"},"content":{"rendered":"\n<p>Ani o prodlou\u017een\u00e9m v\u00edkendu jsme se neobe\u0161li bez gymnastiky, proto\u017ee v\u011bt\u0161ina na\u0161ich z\u00e1vodnic kombinovan\u00e9ho programu vyrazila v ned\u011bli 30.4. do Mari\u00e1nsk\u00fdch L\u00e1zn\u00ed.<img loading=\"lazy\" height=\"16\" width=\"16\" alt=\"\ud83d\ude09\" src=\"https:\/\/static.xx.fbcdn.net\/images\/emoji.php\/v9\/tf6\/2\/16\/1f609.png\"><\/p>\n\n\n\n<p>V I.A kategorii to byla pro na\u0161e hol\u010di\u010dky premi\u00e9ra s povinnou sestavou se \u0161vihadlem a v\u0161echny t\u0159i ji zvl\u00e1dly v\u00fdborn\u011b! Verunka dokonce z\u00edskala kr\u00e1snou st\u0159\u00edbrnou medaili.<img loading=\"lazy\" height=\"16\" width=\"16\" alt=\"\ud83e\udd48\" src=\"https:\/\/static.xx.fbcdn.net\/images\/emoji.php\/v9\/tb4\/2\/16\/1f948.png\"><img loading=\"lazy\" height=\"16\" width=\"16\" alt=\"\ud83d\ude0d\" src=\"https:\/\/static.xx.fbcdn.net\/images\/emoji.php\/v9\/ta1\/2\/16\/1f60d.png\"> Ve II. kategorii jsme se nevyvarovaly chyb, ale v nabit\u00e9m startovn\u00edm poli vybojovala hezk\u00e9 8. m\u00edsto Anetka.<img loading=\"lazy\" height=\"16\" width=\"16\" alt=\"\ud83d\udc4f\" src=\"https:\/\/static.xx.fbcdn.net\/images\/emoji.php\/v9\/t9d\/2\/16\/1f44f.png\"> S obru\u010d\u00ed a m\u00ed\u010dem p\u0159edvedla zat\u00edm sv\u016fj nejlep\u0161\u00ed leto\u0161n\u00ed z\u00e1vod Bar\u010da, kter\u00e1 skon\u010dila t\u011bsn\u011b pod stupni v\u00edt\u011bz\u016f.<img loading=\"lazy\" height=\"16\" width=\"16\" alt=\"\ud83e\udd73\" src=\"https:\/\/static.xx.fbcdn.net\/images\/emoji.php\/v9\/tc\/2\/16\/1f973.png\"> Natka, Kiki a Johanka se pak se\u0159adily od 7. do 9. m\u00edsta.<\/p>\n\n\n\n<p>Odpoledn\u00ed program zahajovala IV. kategorie, kde se moc hezky p\u0159edstavila Viky a z\u00edskala dal\u0161\u00ed 4. m\u00edsto.<img loading=\"lazy\" height=\"16\" width=\"16\" alt=\"\ud83e\udd29\" src=\"https:\/\/static.xx.fbcdn.net\/images\/emoji.php\/v9\/tf7\/2\/16\/1f929.png\"> Do prvn\u00ed des\u00edtky se ve\u0161la je\u0161t\u011b \u00c1\u0148a na 9. p\u0159\u00ed\u010dce. V z\u00e1v\u011bre\u010dn\u00e9 kategorii jsme m\u011bly tentokr\u00e1t jen \u010dty\u0159i \u017eeny, ale v\u00fdkony p\u0159edvedly par\u00e1dn\u00ed. Vanda zv\u00edt\u011bzila a odnesla si zlatou medaili, Deni z\u00edskala bronz, Niky skon\u010dila hned za n\u00ed a 7. byla So\u0148a, p\u0159esto\u017ee \u010d\u00e1st sestavy improvizovala.<img loading=\"lazy\" height=\"16\" width=\"16\" alt=\"\ud83e\udd47\" src=\"https:\/\/static.xx.fbcdn.net\/images\/emoji.php\/v9\/t33\/2\/16\/1f947.png\"><img loading=\"lazy\" height=\"16\" width=\"16\" alt=\"\ud83e\udd49\" src=\"https:\/\/static.xx.fbcdn.net\/images\/emoji.php\/v9\/t35\/2\/16\/1f949.png\"><img loading=\"lazy\" height=\"16\" width=\"16\" alt=\"\ud83d\ude03\" src=\"https:\/\/static.xx.fbcdn.net\/images\/emoji.php\/v9\/tf0\/2\/16\/1f603.png\"><\/p>\n\n\n\n<p>Na z\u00e1v\u011br se vyhla\u0161ovala je\u0161t\u011b sout\u011b\u017e dru\u017estev, ve kter\u00e9 na\u0161e holky braly st\u0159\u00edbro.<img loading=\"lazy\" height=\"16\" width=\"16\" alt=\"\ud83e\udd48\" src=\"https:\/\/static.xx.fbcdn.net\/images\/emoji.php\/v9\/tb4\/2\/16\/1f948.png\"><\/p>\n\n\n\n<p>V\u0161em moc gratulujeme a t\u011b\u0161\u00edme se p\u0159\u00ed\u0161t\u00ed t\u00fdden na dom\u00e1c\u00ed z\u00e1vod!<\/p>\n\n\n\n<figure class=\"wp-block-image size-large\"><img loading=\"lazy\" width=\"1024\" height=\"768\" src=\"https:\/\/www.mgvodnistavby.cz\/wp-content\/uploads\/2023\/05\/IMG_0315-1024x768.jpeg\" alt=\"\" class=\"wp-image-498\" srcset=\"https:\/\/www.mgvodnistavby.cz\/wp-content\/uploads\/2023\/05\/IMG_0315-1024x768.jpeg 1024w, https:\/\/www.mgvodnistavby.cz\/wp-content\/uploads\/2023\/05\/IMG_0315-300x225.jpeg 300w, https:\/\/www.mgvodnistavby.cz\/wp-content\/uploads\/2023\/05\/IMG_0315-768x576.jpeg 768w, https:\/\/www.mgvodnistavby.cz\/wp-content\/uploads\/2023\/05\/IMG_0315-1536x1152.jpeg 1536w, https:\/\/www.mgvodnistavby.cz\/wp-content\/uploads\/2023\/05\/IMG_0315.jpeg 2048w\" sizes=\"(max-width: 767px) 89vw, (max-width: 1000px) 54vw, (max-width: 1071px) 543px, 580px\" \/><\/figure>\n","protected":false},"excerpt":{"rendered":"<p>Ani o prodlou\u017een\u00e9m v\u00edkendu jsme se neobe\u0161li bez gymnastiky, proto\u017ee v\u011bt\u0161ina na\u0161ich z\u00e1vodnic kombinovan\u00e9ho programu vyrazila v ned\u011bli 30.4. do Mari\u00e1nsk\u00fdch L\u00e1zn\u00ed. V I.A kategorii to byla pro na\u0161e hol\u010di\u010dky premi\u00e9ra s povinnou sestavou se \u0161vihadlem a v\u0161echny t\u0159i ji zvl\u00e1dly v\u00fdborn\u011b! Verunka dokonce z\u00edskala kr\u00e1snou st\u0159\u00edbrnou medaili. Ve II. kategorii jsme se nevyvarovaly chyb, &hellip; <\/p>\n<p class=\"link-more\"><a href=\"https:\/\/www.mgvodnistavby.cz\/index.php\/2023\/05\/01\/lazensky-pohar\/\" class=\"more-link\">Pokra\u010dovat ve \u010dten\u00ed<span class=\"screen-reader-text\"> &#8222;L\u00e1ze\u0148sk\u00fd poh\u00e1r&#8220;<\/span><\/a><\/p>\n","protected":false},"author":1,"featured_media":0,"comment_status":"closed","ping_status":"","sticky":false,"template":"","format":"standard","meta":[],"categories":[1],"tags":[],"_links":{"self":[{"href":"https:\/\/www.mgvodnistavby.cz\/index.php\/wp-json\/wp\/v2\/posts\/497"}],"collection":[{"href":"https:\/\/www.mgvodnistavby.cz\/index.php\/wp-json\/wp\/v2\/posts"}],"about":[{"href":"https:\/\/www.mgvodnistavby.cz\/index.php\/wp-json\/wp\/v2\/types\/post"}],"author":[{"embeddable":true,"href":"https:\/\/www.mgvodnistavby.cz\/index.php\/wp-json\/wp\/v2\/users\/1"}],"replies":[{"embeddable":true,"href":"https:\/\/www.mgvodnistavby.cz\/index.php\/wp-json\/wp\/v2\/comments?post=497"}],"version-history":[{"count":1,"href":"https:\/\/www.mgvodnistavby.cz\/index.php\/wp-json\/wp\/v2\/posts\/497\/revisions"}],"predecessor-version":[{"id":499,"href":"https:\/\/www.mgvodnistavby.cz\/index.php\/wp-json\/wp\/v2\/posts\/497\/revisions\/499"}],"wp:attachment":[{"href":"https:\/\/www.mgvodnistavby.cz\/index.php\/wp-json\/wp\/v2\/media?parent=497"}],"wp:term":[{"taxonomy":"category","embeddable":true,"href":"https:\/\/www.mgvodnistavby.cz\/index.php\/wp-json\/wp\/v2\/categories?post=497"},{"taxonomy":"post_tag","embeddable":true,"href":"https:\/\/www.mgvodnistavby.cz\/index.php\/wp-json\/wp\/v2\/tags?post=497"}],"curies":[{"name":"wp","href":"https:\/\/api.w.org\/{rel}","templated":true}]}}