{"id":389,"date":"2022-06-18T06:34:49","date_gmt":"2022-06-18T06:34:49","guid":{"rendered":"http:\/\/www.mgvodnistavby.cz\/?p=389"},"modified":"2022-06-27T10:51:39","modified_gmt":"2022-06-27T10:51:39","slug":"mistrovstvi-ceske-republiky","status":"publish","type":"post","link":"https:\/\/www.mgvodnistavby.cz\/index.php\/2022\/06\/18\/mistrovstvi-ceske-republiky\/","title":{"rendered":"Mistrovstv\u00ed \u010cesk\u00e9 republiky"},"content":{"rendered":"\n<p>O v\u00edkendu 4.-5.6. se konalo M\u010cR, kde n\u00e1\u0161 odd\u00edl reprezentovalo hned 12 gymnastek<img loading=\"lazy\" height=\"16\" width=\"16\" alt=\"\ud83e\udd29\" src=\"https:\/\/static.xx.fbcdn.net\/images\/emoji.php\/v9\/tf7\/2\/16\/1f929.png\">. V sobotn\u00edm z\u00e1vodu z\u00e1kladn\u00edho programu zacvi\u010dila v I. kategorii moc hezky ob\u011b sestavy Maru\u0161ka a vybojovala si kr\u00e1sn\u00e9 4. m\u00edsto v konkurenci 25 z\u00e1vodnic<img loading=\"lazy\" height=\"16\" width=\"16\" alt=\"\ud83d\udc99\" src=\"https:\/\/static.xx.fbcdn.net\/images\/emoji.php\/v9\/tb\/2\/16\/1f499.png\">. Sv\u00e9mu pra\u017esk\u00e9mu dru\u017estvu tak pomohla k 5. m\u00edstu. Gratulujeme<img loading=\"lazy\" height=\"16\" width=\"16\" alt=\"\ud83e\udd70\" src=\"https:\/\/static.xx.fbcdn.net\/images\/emoji.php\/v9\/t89\/2\/16\/1f970.png\"><\/p>\n\n\n\n<p>V ned\u011bli pokra\u010dovalo M\u010cR v kombinovan\u00e9m programu. V I. kategorii z\u00e1vodila Nikolka, Terezka a Lucinka. V\u0161echny zacvi\u010dily ob\u011b sestavy moc hezky a v\u0161echny se um\u00edstily do prvn\u00ed 10<img loading=\"lazy\" height=\"16\" width=\"16\" alt=\"\ud83e\udd29\" src=\"https:\/\/static.xx.fbcdn.net\/images\/emoji.php\/v9\/tf7\/2\/16\/1f929.png\">. Nikolka skon\u010dila t\u011bsn\u011b pod stupni v\u00edt\u011bz\u016f na 4. m\u00edst\u011b. Lucinka obsadila 7. m\u00edsto a Terezka 9. m\u00edsto. Ve II. kategorii p\u0159edvedla svou povinnou sestavu se \u0161vihadlem a volnou sestavu bez n\u00e1\u010din\u00ed Kiki, kter\u00e1 si vybojovala kr\u00e1sn\u00e9 8. m\u00edsto. Ve III. kategorii cinkla bronzov\u00e1 medaile, kterou si za sv\u00e9 v\u00fdkony zaslou\u017eila S\u00e1ra<img loading=\"lazy\" height=\"16\" width=\"16\" alt=\"\ud83e\udd49\" src=\"https:\/\/static.xx.fbcdn.net\/images\/emoji.php\/v9\/t35\/2\/16\/1f949.png\">. Na kr\u00e1sn\u00e9m 5. m\u00edst\u011b j\u00ed doplnila \u00c1\u0148a.<\/p>\n\n\n\n<p>V V. kategorii n\u00e1s reprezentovalo hned 5 na\u0161ich gymnastek. Nejlep\u0161\u00ed v\u00fdkon p\u0159edvedla Ema P., kter\u00e1 za\u0161la bezchybn\u011b sv\u00e9 sestavy s obru\u010d\u00ed a ku\u017eeli a mohla se tak radovat z 2. m\u00edsta<img loading=\"lazy\" height=\"16\" width=\"16\" alt=\"\ud83e\udd48\" src=\"https:\/\/static.xx.fbcdn.net\/images\/emoji.php\/v9\/tb4\/2\/16\/1f948.png\">. T\u011bsn\u011b pod stupni v\u00edt\u011bz\u016f se um\u00edstila Ema O.<img loading=\"lazy\" height=\"16\" width=\"16\" alt=\"\ud83d\udc99\" src=\"https:\/\/static.xx.fbcdn.net\/images\/emoji.php\/v9\/tb\/2\/16\/1f499.png\"> Denda, Vanda a Niky \u0160. se um\u00edstily za sebou na 11.-13. p\u0159\u00ed\u010dce. Gymnastky sv\u00fdmi v\u00fdkony p\u0159isp\u011bly i do sout\u011b\u017ee dru\u017estev, kde si pra\u017esk\u00e1 dru\u017estva vedla velice dob\u0159e a v\u0161echna se um\u00edstila do prvn\u00ed poloviny<img loading=\"lazy\" height=\"16\" width=\"16\" alt=\"\ud83e\udd29\" src=\"https:\/\/static.xx.fbcdn.net\/images\/emoji.php\/v9\/tf7\/2\/16\/1f929.png\">. Nejl\u00e9pe si vedlo dru\u017estvo Praha 1, kter\u00e9 se um\u00edstilo na 2. m\u00edst\u011b<img loading=\"lazy\" height=\"16\" width=\"16\" alt=\"\ud83e\udd48\" src=\"https:\/\/static.xx.fbcdn.net\/images\/emoji.php\/v9\/tb4\/2\/16\/1f948.png\"> a na stupni v\u00edt\u011bz\u016f je doplnilo dru\u017estvo Praha 2 na 3. m\u00edst\u011b<img loading=\"lazy\" height=\"16\" width=\"16\" alt=\"\ud83e\udd49\" src=\"https:\/\/static.xx.fbcdn.net\/images\/emoji.php\/v9\/t35\/2\/16\/1f949.png\">.<\/p>\n\n\n\n<p>Moc gratulujeme v\u0161em gymnastk\u00e1m a d\u011bkujeme za p\u0159edveden\u00e9 v\u00fdkony<img loading=\"lazy\" height=\"16\" width=\"16\" alt=\"\ud83e\udd70\" src=\"https:\/\/static.xx.fbcdn.net\/images\/emoji.php\/v9\/t89\/2\/16\/1f970.png\">.<\/p>\n\n\n\n<figure class=\"wp-block-image size-large\"><img loading=\"lazy\" width=\"1024\" height=\"683\" src=\"https:\/\/www.mgvodnistavby.cz\/wp-content\/uploads\/2022\/06\/DSC_7238-1024x683.jpg\" alt=\"\" class=\"wp-image-412\" srcset=\"https:\/\/www.mgvodnistavby.cz\/wp-content\/uploads\/2022\/06\/DSC_7238-1024x683.jpg 1024w, https:\/\/www.mgvodnistavby.cz\/wp-content\/uploads\/2022\/06\/DSC_7238-300x200.jpg 300w, https:\/\/www.mgvodnistavby.cz\/wp-content\/uploads\/2022\/06\/DSC_7238-768x512.jpg 768w, https:\/\/www.mgvodnistavby.cz\/wp-content\/uploads\/2022\/06\/DSC_7238-1536x1024.jpg 1536w, https:\/\/www.mgvodnistavby.cz\/wp-content\/uploads\/2022\/06\/DSC_7238-2048x1365.jpg 2048w\" sizes=\"(max-width: 767px) 89vw, (max-width: 1000px) 54vw, (max-width: 1071px) 543px, 580px\" \/><\/figure>\n","protected":false},"excerpt":{"rendered":"<p>O v\u00edkendu 4.-5.6. se konalo M\u010cR, kde n\u00e1\u0161 odd\u00edl reprezentovalo hned 12 gymnastek. V sobotn\u00edm z\u00e1vodu z\u00e1kladn\u00edho programu zacvi\u010dila v I. kategorii moc hezky ob\u011b sestavy Maru\u0161ka a vybojovala si kr\u00e1sn\u00e9 4. m\u00edsto v konkurenci 25 z\u00e1vodnic. Sv\u00e9mu pra\u017esk\u00e9mu dru\u017estvu tak pomohla k 5. m\u00edstu. Gratulujeme V ned\u011bli pokra\u010dovalo M\u010cR v kombinovan\u00e9m programu. V I. &hellip; <\/p>\n<p class=\"link-more\"><a href=\"https:\/\/www.mgvodnistavby.cz\/index.php\/2022\/06\/18\/mistrovstvi-ceske-republiky\/\" class=\"more-link\">Pokra\u010dovat ve \u010dten\u00ed<span class=\"screen-reader-text\"> &#8222;Mistrovstv\u00ed \u010cesk\u00e9 republiky&#8220;<\/span><\/a><\/p>\n","protected":false},"author":1,"featured_media":0,"comment_status":"closed","ping_status":"","sticky":false,"template":"","format":"standard","meta":[],"categories":[1],"tags":[],"_links":{"self":[{"href":"https:\/\/www.mgvodnistavby.cz\/index.php\/wp-json\/wp\/v2\/posts\/389"}],"collection":[{"href":"https:\/\/www.mgvodnistavby.cz\/index.php\/wp-json\/wp\/v2\/posts"}],"about":[{"href":"https:\/\/www.mgvodnistavby.cz\/index.php\/wp-json\/wp\/v2\/types\/post"}],"author":[{"embeddable":true,"href":"https:\/\/www.mgvodnistavby.cz\/index.php\/wp-json\/wp\/v2\/users\/1"}],"replies":[{"embeddable":true,"href":"https:\/\/www.mgvodnistavby.cz\/index.php\/wp-json\/wp\/v2\/comments?post=389"}],"version-history":[{"count":2,"href":"https:\/\/www.mgvodnistavby.cz\/index.php\/wp-json\/wp\/v2\/posts\/389\/revisions"}],"predecessor-version":[{"id":413,"href":"https:\/\/www.mgvodnistavby.cz\/index.php\/wp-json\/wp\/v2\/posts\/389\/revisions\/413"}],"wp:attachment":[{"href":"https:\/\/www.mgvodnistavby.cz\/index.php\/wp-json\/wp\/v2\/media?parent=389"}],"wp:term":[{"taxonomy":"category","embeddable":true,"href":"https:\/\/www.mgvodnistavby.cz\/index.php\/wp-json\/wp\/v2\/categories?post=389"},{"taxonomy":"post_tag","embeddable":true,"href":"https:\/\/www.mgvodnistavby.cz\/index.php\/wp-json\/wp\/v2\/tags?post=389"}],"curies":[{"name":"wp","href":"https:\/\/api.w.org\/{rel}","templated":true}]}}