{"id":387,"date":"2022-06-18T06:30:34","date_gmt":"2022-06-18T06:30:34","guid":{"rendered":"http:\/\/www.mgvodnistavby.cz\/?p=387"},"modified":"2022-06-27T10:43:49","modified_gmt":"2022-06-27T10:43:49","slug":"prebory-prahy","status":"publish","type":"post","link":"https:\/\/www.mgvodnistavby.cz\/index.php\/2022\/06\/18\/prebory-prahy\/","title":{"rendered":"P\u0159ebory Prahy"},"content":{"rendered":"\n<p>O v\u00edkendu 21.5.-22.5. se konaly p\u0159ebory Prahy, kdy na\u0161e gymnastky z\u00e1kladn\u00edho i kombinovan\u00e9ho programu bojovaly o postup na M\u010cR a da\u0159ilo se<img loading=\"lazy\" height=\"16\" width=\"16\" alt=\"\ud83e\udd29\" src=\"https:\/\/static.xx.fbcdn.net\/images\/emoji.php\/v9\/tf7\/2\/16\/1f929.png\">. V sobotu z\u00e1vodily gymnastky z\u00e1kladn\u00edho programu a nejl\u00e9pe se um\u00edstila Maru\u0161ka, kter\u00e1 si vybojovala 3. m\u00edsto<img loading=\"lazy\" height=\"16\" width=\"16\" alt=\"\ud83e\udd49\" src=\"https:\/\/static.xx.fbcdn.net\/images\/emoji.php\/v9\/t35\/2\/16\/1f949.png\"> a zajistila si postup na M\u010cR<img loading=\"lazy\" height=\"16\" width=\"16\" alt=\"\ud83d\udc99\" src=\"https:\/\/static.xx.fbcdn.net\/images\/emoji.php\/v9\/tb\/2\/16\/1f499.png\">. Kr\u00e1sn\u00e9 5. m\u00edsto obsadila K\u00e1ja, za kterou se na 6. p\u0159\u00ed\u010dce um\u00edstila Terka a 7. se um\u00edstila Eli\u0161ka. Zlatou medaili si vybojovalo na\u0161e dru\u017estvo ve slo\u017een\u00ed Maru\u0161ka, K\u00e1ja, Terka a Eli\u0161ka<img loading=\"lazy\" height=\"16\" width=\"16\" alt=\"\ud83e\udd47\" src=\"https:\/\/static.xx.fbcdn.net\/images\/emoji.php\/v9\/t33\/2\/16\/1f947.png\">.<\/p>\n\n\n\n<p>V ned\u011bli p\u0159ebor Prahy pokra\u010doval z\u00e1vodem v kombinovan\u00e9m programu a bylo z toho hned n\u011bkolik medail\u00ed a postup\u016f na M\u010cR<img loading=\"lazy\" height=\"16\" width=\"16\" alt=\"\ud83e\udd29\" src=\"https:\/\/static.xx.fbcdn.net\/images\/emoji.php\/v9\/tf7\/2\/16\/1f929.png\">. V I. kategorii se nejl\u00e9pe ze v\u0161ech um\u00edstila Nik\u010da<img loading=\"lazy\" height=\"16\" width=\"16\" alt=\"\ud83e\udd47\" src=\"https:\/\/static.xx.fbcdn.net\/images\/emoji.php\/v9\/t33\/2\/16\/1f947.png\"> a st\u0159\u00edbrnou medaili doplnila Terezka<img loading=\"lazy\" height=\"16\" width=\"16\" alt=\"\ud83e\udd48\" src=\"https:\/\/static.xx.fbcdn.net\/images\/emoji.php\/v9\/tb4\/2\/16\/1f948.png\">. Kr\u00e1sn\u00e9 5. m\u00edsto obsadila Lucinka a 9. se um\u00edstila Just\u00fdnka. Ve II. kategorii si 3. m\u00edsto vybojovala Kiki P.<img loading=\"lazy\" height=\"16\" width=\"16\" alt=\"\ud83e\udd49\" src=\"https:\/\/static.xx.fbcdn.net\/images\/emoji.php\/v9\/t35\/2\/16\/1f949.png\">, na 8.-10. m\u00edst\u011b se se\u0159adily Niky, Kiki N. a \u00c1\u0148a. Ve III. kategorii p\u0159idala dal\u0161\u00ed zlato do sb\u00edrky \u00c1\u0148a<img loading=\"lazy\" height=\"16\" width=\"16\" alt=\"\ud83e\udd47\" src=\"https:\/\/static.xx.fbcdn.net\/images\/emoji.php\/v9\/t33\/2\/16\/1f947.png\">, 5. m\u00edsto si vybojovala S\u00e1ra a hned za n\u00ed se na 6. m\u00edst\u011b um\u00edstila Nat\u00e1lka. Ve IV. kategorii se na 6. m\u00edst\u011b um\u00edstila Viky, na 10. m\u00edst\u011b Doubi a hned za n\u00ed Ani\u010dka. V V. kategorii nejl\u00e9pe zacvi\u010dila Ema O.<img loading=\"lazy\" height=\"16\" width=\"16\" alt=\"\ud83e\udd47\" src=\"https:\/\/static.xx.fbcdn.net\/images\/emoji.php\/v9\/t33\/2\/16\/1f947.png\"> a st\u0159\u00edbro p\u0159idala Ema P.<img loading=\"lazy\" height=\"16\" width=\"16\" alt=\"\ud83e\udd48\" src=\"https:\/\/static.xx.fbcdn.net\/images\/emoji.php\/v9\/tb4\/2\/16\/1f948.png\">. Zbytek na\u0161ich \u017den se se\u0159adil od 4.-11. m\u00edsta.<\/p>\n\n\n\n<p>V\u0161em gymnastk\u00e1m gratulujeme a p\u0159ejeme hodn\u011b \u0161t\u011bst\u00ed na M\u010cR<img loading=\"lazy\" height=\"16\" width=\"16\" alt=\"\ud83d\udc99\" src=\"https:\/\/static.xx.fbcdn.net\/images\/emoji.php\/v9\/tb\/2\/16\/1f499.png\">.<\/p>\n\n\n\n<figure class=\"wp-block-image size-large is-resized\"><img loading=\"lazy\" src=\"https:\/\/www.mgvodnistavby.cz\/wp-content\/uploads\/2022\/06\/dc8c2e1f-2921-49ce-a7cf-e4e518cfbea7-1024x766.jpg\" alt=\"\" class=\"wp-image-404\" width=\"674\" height=\"504\" srcset=\"https:\/\/www.mgvodnistavby.cz\/wp-content\/uploads\/2022\/06\/dc8c2e1f-2921-49ce-a7cf-e4e518cfbea7-1024x766.jpg 1024w, https:\/\/www.mgvodnistavby.cz\/wp-content\/uploads\/2022\/06\/dc8c2e1f-2921-49ce-a7cf-e4e518cfbea7-300x224.jpg 300w, https:\/\/www.mgvodnistavby.cz\/wp-content\/uploads\/2022\/06\/dc8c2e1f-2921-49ce-a7cf-e4e518cfbea7-768x574.jpg 768w, https:\/\/www.mgvodnistavby.cz\/wp-content\/uploads\/2022\/06\/dc8c2e1f-2921-49ce-a7cf-e4e518cfbea7-1536x1149.jpg 1536w, https:\/\/www.mgvodnistavby.cz\/wp-content\/uploads\/2022\/06\/dc8c2e1f-2921-49ce-a7cf-e4e518cfbea7.jpg 2000w\" sizes=\"(max-width: 674px) 100vw, 674px\" \/><\/figure>\n\n\n\n<figure class=\"wp-block-image size-large\"><img loading=\"lazy\" width=\"1024\" height=\"683\" src=\"https:\/\/www.mgvodnistavby.cz\/wp-content\/uploads\/2022\/06\/DSC_5717-1024x683.jpg\" alt=\"\" class=\"wp-image-406\" srcset=\"https:\/\/www.mgvodnistavby.cz\/wp-content\/uploads\/2022\/06\/DSC_5717-1024x683.jpg 1024w, https:\/\/www.mgvodnistavby.cz\/wp-content\/uploads\/2022\/06\/DSC_5717-300x200.jpg 300w, https:\/\/www.mgvodnistavby.cz\/wp-content\/uploads\/2022\/06\/DSC_5717-768x512.jpg 768w, https:\/\/www.mgvodnistavby.cz\/wp-content\/uploads\/2022\/06\/DSC_5717-1536x1024.jpg 1536w, https:\/\/www.mgvodnistavby.cz\/wp-content\/uploads\/2022\/06\/DSC_5717-2048x1365.jpg 2048w\" sizes=\"(max-width: 767px) 89vw, (max-width: 1000px) 54vw, (max-width: 1071px) 543px, 580px\" \/><\/figure>\n","protected":false},"excerpt":{"rendered":"<p>O v\u00edkendu 21.5.-22.5. se konaly p\u0159ebory Prahy, kdy na\u0161e gymnastky z\u00e1kladn\u00edho i kombinovan\u00e9ho programu bojovaly o postup na M\u010cR a da\u0159ilo se. V sobotu z\u00e1vodily gymnastky z\u00e1kladn\u00edho programu a nejl\u00e9pe se um\u00edstila Maru\u0161ka, kter\u00e1 si vybojovala 3. m\u00edsto a zajistila si postup na M\u010cR. Kr\u00e1sn\u00e9 5. m\u00edsto obsadila K\u00e1ja, za kterou se na 6. p\u0159\u00ed\u010dce &hellip; <\/p>\n<p class=\"link-more\"><a href=\"https:\/\/www.mgvodnistavby.cz\/index.php\/2022\/06\/18\/prebory-prahy\/\" class=\"more-link\">Pokra\u010dovat ve \u010dten\u00ed<span class=\"screen-reader-text\"> &#8222;P\u0159ebory Prahy&#8220;<\/span><\/a><\/p>\n","protected":false},"author":1,"featured_media":0,"comment_status":"closed","ping_status":"","sticky":false,"template":"","format":"standard","meta":[],"categories":[1],"tags":[],"_links":{"self":[{"href":"https:\/\/www.mgvodnistavby.cz\/index.php\/wp-json\/wp\/v2\/posts\/387"}],"collection":[{"href":"https:\/\/www.mgvodnistavby.cz\/index.php\/wp-json\/wp\/v2\/posts"}],"about":[{"href":"https:\/\/www.mgvodnistavby.cz\/index.php\/wp-json\/wp\/v2\/types\/post"}],"author":[{"embeddable":true,"href":"https:\/\/www.mgvodnistavby.cz\/index.php\/wp-json\/wp\/v2\/users\/1"}],"replies":[{"embeddable":true,"href":"https:\/\/www.mgvodnistavby.cz\/index.php\/wp-json\/wp\/v2\/comments?post=387"}],"version-history":[{"count":3,"href":"https:\/\/www.mgvodnistavby.cz\/index.php\/wp-json\/wp\/v2\/posts\/387\/revisions"}],"predecessor-version":[{"id":407,"href":"https:\/\/www.mgvodnistavby.cz\/index.php\/wp-json\/wp\/v2\/posts\/387\/revisions\/407"}],"wp:attachment":[{"href":"https:\/\/www.mgvodnistavby.cz\/index.php\/wp-json\/wp\/v2\/media?parent=387"}],"wp:term":[{"taxonomy":"category","embeddable":true,"href":"https:\/\/www.mgvodnistavby.cz\/index.php\/wp-json\/wp\/v2\/categories?post=387"},{"taxonomy":"post_tag","embeddable":true,"href":"https:\/\/www.mgvodnistavby.cz\/index.php\/wp-json\/wp\/v2\/tags?post=387"}],"curies":[{"name":"wp","href":"https:\/\/api.w.org\/{rel}","templated":true}]}}