{"id":359,"date":"2022-04-26T19:54:32","date_gmt":"2022-04-26T19:54:32","guid":{"rendered":"http:\/\/www.mgvodnistavby.cz\/?p=359"},"modified":"2022-04-26T19:55:33","modified_gmt":"2022-04-26T19:55:33","slug":"jarni-pohar-mesta-plzne","status":"publish","type":"post","link":"https:\/\/www.mgvodnistavby.cz\/index.php\/2022\/04\/26\/jarni-pohar-mesta-plzne\/","title":{"rendered":"Jarn\u00ed poh\u00e1r m\u011bsta Plzn\u011b"},"content":{"rendered":"\n<p>V sobotu 23. dubna n\u00e1s \u010dekaly hned dvoje z\u00e1vody. Na\u0161e gymnastky z\u00e1kladn\u00edho programu vyrazily do Plzn\u011b a da\u0159ilo se jim skv\u011ble! <img loading=\"lazy\" height=\"16\" width=\"16\" alt=\"\ud83d\ude09\" src=\"https:\/\/static.xx.fbcdn.net\/images\/emoji.php\/v9\/tf6\/2\/16\/1f609.png\">  V I. kategorii pro z\u00e1vodnice ro\u010dn\u00edku 2014 z\u00edskala Darinka st\u0159\u00edbro a Lucinka bronz. <img loading=\"lazy\" height=\"16\" width=\"16\" alt=\"\ud83e\udd48\" src=\"https:\/\/static.xx.fbcdn.net\/images\/emoji.php\/v9\/tb4\/2\/16\/1f948.png\"><img loading=\"lazy\" height=\"16\" width=\"16\" alt=\"\ud83e\udd49\" src=\"https:\/\/static.xx.fbcdn.net\/images\/emoji.php\/v9\/t35\/2\/16\/1f949.png\"> Mezi o rok star\u0161\u00edmi d\u011bv\u010daty z toho byly dokonce kompletn\u00ed stupn\u011b v\u00edt\u011bz\u016f pro n\u00e1\u0161 odd\u00edl. <img loading=\"lazy\" height=\"16\" width=\"16\" alt=\"\ud83d\udc4d\" src=\"https:\/\/static.xx.fbcdn.net\/images\/emoji.php\/v9\/t9b\/2\/16\/1f44d.png\"> Pro medaile si do\u0161ly Maru\u0161ka, K\u00e1ja a Eli\u0161ka! <img loading=\"lazy\" height=\"16\" width=\"16\" alt=\"\ud83e\udd47\" src=\"https:\/\/static.xx.fbcdn.net\/images\/emoji.php\/v9\/t33\/2\/16\/1f947.png\"><img loading=\"lazy\" height=\"16\" width=\"16\" alt=\"\ud83e\udd48\" src=\"https:\/\/static.xx.fbcdn.net\/images\/emoji.php\/v9\/tb4\/2\/16\/1f948.png\"><img loading=\"lazy\" height=\"16\" width=\"16\" alt=\"\ud83e\udd49\" src=\"https:\/\/static.xx.fbcdn.net\/images\/emoji.php\/v9\/t35\/2\/16\/1f949.png\"><\/p>\n\n\n\n<p>Moc gratulujeme <img loading=\"lazy\" height=\"16\" width=\"16\" alt=\"\ud83e\udd70\" src=\"https:\/\/static.xx.fbcdn.net\/images\/emoji.php\/v9\/t89\/2\/16\/1f970.png\"><\/p>\n\n\n\n<figure class=\"wp-block-image size-large is-resized\"><img loading=\"lazy\" src=\"https:\/\/www.mgvodnistavby.cz\/wp-content\/uploads\/2022\/04\/d9cc7207-33f5-4a69-9dc3-6cedaa6a4cda-1024x768.jpg\" alt=\"\" class=\"wp-image-360\" width=\"498\" height=\"373\" srcset=\"https:\/\/www.mgvodnistavby.cz\/wp-content\/uploads\/2022\/04\/d9cc7207-33f5-4a69-9dc3-6cedaa6a4cda-1024x768.jpg 1024w, https:\/\/www.mgvodnistavby.cz\/wp-content\/uploads\/2022\/04\/d9cc7207-33f5-4a69-9dc3-6cedaa6a4cda-300x225.jpg 300w, https:\/\/www.mgvodnistavby.cz\/wp-content\/uploads\/2022\/04\/d9cc7207-33f5-4a69-9dc3-6cedaa6a4cda-768x576.jpg 768w, https:\/\/www.mgvodnistavby.cz\/wp-content\/uploads\/2022\/04\/d9cc7207-33f5-4a69-9dc3-6cedaa6a4cda-1536x1152.jpg 1536w, https:\/\/www.mgvodnistavby.cz\/wp-content\/uploads\/2022\/04\/d9cc7207-33f5-4a69-9dc3-6cedaa6a4cda.jpg 2000w\" sizes=\"(max-width: 498px) 100vw, 498px\" \/><\/figure>\n","protected":false},"excerpt":{"rendered":"<p>V sobotu 23. dubna n\u00e1s \u010dekaly hned dvoje z\u00e1vody. Na\u0161e gymnastky z\u00e1kladn\u00edho programu vyrazily do Plzn\u011b a da\u0159ilo se jim skv\u011ble! V I. kategorii pro z\u00e1vodnice ro\u010dn\u00edku 2014 z\u00edskala Darinka st\u0159\u00edbro a Lucinka bronz. Mezi o rok star\u0161\u00edmi d\u011bv\u010daty z toho byly dokonce kompletn\u00ed stupn\u011b v\u00edt\u011bz\u016f pro n\u00e1\u0161 odd\u00edl. Pro medaile si do\u0161ly Maru\u0161ka, K\u00e1ja &hellip; <\/p>\n<p class=\"link-more\"><a href=\"https:\/\/www.mgvodnistavby.cz\/index.php\/2022\/04\/26\/jarni-pohar-mesta-plzne\/\" class=\"more-link\">Pokra\u010dovat ve \u010dten\u00ed<span class=\"screen-reader-text\"> &#8222;Jarn\u00ed poh\u00e1r m\u011bsta Plzn\u011b&#8220;<\/span><\/a><\/p>\n","protected":false},"author":1,"featured_media":0,"comment_status":"closed","ping_status":"","sticky":false,"template":"","format":"standard","meta":[],"categories":[1],"tags":[],"_links":{"self":[{"href":"https:\/\/www.mgvodnistavby.cz\/index.php\/wp-json\/wp\/v2\/posts\/359"}],"collection":[{"href":"https:\/\/www.mgvodnistavby.cz\/index.php\/wp-json\/wp\/v2\/posts"}],"about":[{"href":"https:\/\/www.mgvodnistavby.cz\/index.php\/wp-json\/wp\/v2\/types\/post"}],"author":[{"embeddable":true,"href":"https:\/\/www.mgvodnistavby.cz\/index.php\/wp-json\/wp\/v2\/users\/1"}],"replies":[{"embeddable":true,"href":"https:\/\/www.mgvodnistavby.cz\/index.php\/wp-json\/wp\/v2\/comments?post=359"}],"version-history":[{"count":2,"href":"https:\/\/www.mgvodnistavby.cz\/index.php\/wp-json\/wp\/v2\/posts\/359\/revisions"}],"predecessor-version":[{"id":362,"href":"https:\/\/www.mgvodnistavby.cz\/index.php\/wp-json\/wp\/v2\/posts\/359\/revisions\/362"}],"wp:attachment":[{"href":"https:\/\/www.mgvodnistavby.cz\/index.php\/wp-json\/wp\/v2\/media?parent=359"}],"wp:term":[{"taxonomy":"category","embeddable":true,"href":"https:\/\/www.mgvodnistavby.cz\/index.php\/wp-json\/wp\/v2\/categories?post=359"},{"taxonomy":"post_tag","embeddable":true,"href":"https:\/\/www.mgvodnistavby.cz\/index.php\/wp-json\/wp\/v2\/tags?post=359"}],"curies":[{"name":"wp","href":"https:\/\/api.w.org\/{rel}","templated":true}]}}