{"id":346,"date":"2022-03-28T18:26:23","date_gmt":"2022-03-28T18:26:23","guid":{"rendered":"http:\/\/www.mgvodnistavby.cz\/?p=346"},"modified":"2022-03-28T18:26:23","modified_gmt":"2022-03-28T18:26:23","slug":"bizons-cup","status":"publish","type":"post","link":"https:\/\/www.mgvodnistavby.cz\/index.php\/2022\/03\/28\/bizons-cup\/","title":{"rendered":"Bizon&#8217;s cup"},"content":{"rendered":"\n<p>Jarn\u00ed sez\u00f3na 2022 zah\u00e1jena! <img loading=\"lazy\" height=\"16\" width=\"16\" alt=\"\ud83d\udcaa\" src=\"https:\/\/static.xx.fbcdn.net\/images\/emoji.php\/v9\/tb\/2\/16\/1f4aa.png\"><\/p>\n\n\n\n<p>Velk\u00e1 skupina na\u0161ich gymnastek kombinovan\u00e9ho programu se p\u0159edstavila v sobotu na z\u00e1vod\u011b Bizon\u00b4s cup. V\u011bt\u0161ina p\u0159edvedla sv\u00e9 sestavy premi\u00e9rov\u011b, n\u011bkter\u00e9 se povedly l\u00e9pe, n\u011bkter\u00e9 h\u016f\u0159e, ale na prvn\u00ed z\u00e1vod jsme byly spokojen\u00e9. Krom\u011b hezk\u00fdch v\u00fdkon\u016f z toho byla i v\u00fdborn\u00e1 um\u00edst\u011bn\u00ed. <img loading=\"lazy\" height=\"16\" width=\"16\" alt=\"\ud83d\ude42\" src=\"https:\/\/static.xx.fbcdn.net\/images\/emoji.php\/v9\/teb\/2\/16\/1f642.png\"><\/p>\n\n\n\n<p>V I. kategorii se zada\u0159ilo Terezce na 5. m\u00edst\u011b, ve II. kategorii skon\u010dila Nikoleta t\u011bsn\u011b pod stupni v\u00edt\u011bz\u016f. S obru\u010d\u00ed a m\u00ed\u010dem nejl\u00e9pe zacvi\u010dila Nat\u00e1lka a obsadila 8. p\u0159\u00ed\u010dku. V odpoledn\u00edm programu jsme dos\u00e1hly na medaile. Ve IV. kategorii z\u00edskala <strong>Viky <\/strong>kr\u00e1sn\u00e9 <strong>3. m\u00edsto.<\/strong> <img loading=\"lazy\" height=\"16\" width=\"16\" alt=\"\ud83e\udd49\" src=\"https:\/\/static.xx.fbcdn.net\/images\/emoji.php\/v9\/t35\/2\/16\/1f949.png\"> V. kategorii <strong>vyhr\u00e1la Deni <\/strong>a na <strong>bronzov\u00e9m stup\u00ednku<\/strong> ji doplnila <strong>Vanda.<\/strong> <img loading=\"lazy\" height=\"16\" width=\"16\" alt=\"\ud83e\udd47\" src=\"https:\/\/static.xx.fbcdn.net\/images\/emoji.php\/v9\/t33\/2\/16\/1f947.png\"><img loading=\"lazy\" height=\"16\" width=\"16\" alt=\"\ud83e\udd49\" src=\"https:\/\/static.xx.fbcdn.net\/images\/emoji.php\/v9\/t35\/2\/16\/1f949.png\"> Nav\u00edc v prvn\u00ed osmi\u010dce se celkem um\u00edstilo sedm na\u0161ich z\u00e1vodnic! <img loading=\"lazy\" height=\"16\" width=\"16\" alt=\"\ud83d\udd25\" src=\"https:\/\/static.xx.fbcdn.net\/images\/emoji.php\/v9\/tef\/2\/16\/1f525.png\"><\/p>\n\n\n\n<p>Moc gratulujeme a t\u011b\u0161\u00edme se na pokra\u010dov\u00e1n\u00ed t\u00e9to sez\u00f3ny. <img loading=\"lazy\" height=\"16\" width=\"16\" alt=\"\ud83c\udf40\" src=\"https:\/\/static.xx.fbcdn.net\/images\/emoji.php\/v9\/t26\/2\/16\/1f340.png\"><\/p>\n\n\n\n<figure class=\"wp-block-image size-large\"><img loading=\"lazy\" width=\"1024\" height=\"683\" src=\"https:\/\/www.mgvodnistavby.cz\/wp-content\/uploads\/2022\/03\/DSC_8547-1024x683.jpg\" alt=\"\" class=\"wp-image-347\" srcset=\"https:\/\/www.mgvodnistavby.cz\/wp-content\/uploads\/2022\/03\/DSC_8547-1024x683.jpg 1024w, https:\/\/www.mgvodnistavby.cz\/wp-content\/uploads\/2022\/03\/DSC_8547-300x200.jpg 300w, https:\/\/www.mgvodnistavby.cz\/wp-content\/uploads\/2022\/03\/DSC_8547-768x512.jpg 768w, https:\/\/www.mgvodnistavby.cz\/wp-content\/uploads\/2022\/03\/DSC_8547-1536x1024.jpg 1536w, https:\/\/www.mgvodnistavby.cz\/wp-content\/uploads\/2022\/03\/DSC_8547-2048x1365.jpg 2048w\" sizes=\"(max-width: 767px) 89vw, (max-width: 1000px) 54vw, (max-width: 1071px) 543px, 580px\" \/><\/figure>\n","protected":false},"excerpt":{"rendered":"<p>Jarn\u00ed sez\u00f3na 2022 zah\u00e1jena! Velk\u00e1 skupina na\u0161ich gymnastek kombinovan\u00e9ho programu se p\u0159edstavila v sobotu na z\u00e1vod\u011b Bizon\u00b4s cup. V\u011bt\u0161ina p\u0159edvedla sv\u00e9 sestavy premi\u00e9rov\u011b, n\u011bkter\u00e9 se povedly l\u00e9pe, n\u011bkter\u00e9 h\u016f\u0159e, ale na prvn\u00ed z\u00e1vod jsme byly spokojen\u00e9. Krom\u011b hezk\u00fdch v\u00fdkon\u016f z toho byla i v\u00fdborn\u00e1 um\u00edst\u011bn\u00ed. V I. kategorii se zada\u0159ilo Terezce na 5. m\u00edst\u011b, ve &hellip; <\/p>\n<p class=\"link-more\"><a href=\"https:\/\/www.mgvodnistavby.cz\/index.php\/2022\/03\/28\/bizons-cup\/\" class=\"more-link\">Pokra\u010dovat ve \u010dten\u00ed<span class=\"screen-reader-text\"> &#8222;Bizon&#8217;s cup&#8220;<\/span><\/a><\/p>\n","protected":false},"author":1,"featured_media":0,"comment_status":"closed","ping_status":"","sticky":false,"template":"","format":"standard","meta":[],"categories":[1],"tags":[],"_links":{"self":[{"href":"https:\/\/www.mgvodnistavby.cz\/index.php\/wp-json\/wp\/v2\/posts\/346"}],"collection":[{"href":"https:\/\/www.mgvodnistavby.cz\/index.php\/wp-json\/wp\/v2\/posts"}],"about":[{"href":"https:\/\/www.mgvodnistavby.cz\/index.php\/wp-json\/wp\/v2\/types\/post"}],"author":[{"embeddable":true,"href":"https:\/\/www.mgvodnistavby.cz\/index.php\/wp-json\/wp\/v2\/users\/1"}],"replies":[{"embeddable":true,"href":"https:\/\/www.mgvodnistavby.cz\/index.php\/wp-json\/wp\/v2\/comments?post=346"}],"version-history":[{"count":1,"href":"https:\/\/www.mgvodnistavby.cz\/index.php\/wp-json\/wp\/v2\/posts\/346\/revisions"}],"predecessor-version":[{"id":348,"href":"https:\/\/www.mgvodnistavby.cz\/index.php\/wp-json\/wp\/v2\/posts\/346\/revisions\/348"}],"wp:attachment":[{"href":"https:\/\/www.mgvodnistavby.cz\/index.php\/wp-json\/wp\/v2\/media?parent=346"}],"wp:term":[{"taxonomy":"category","embeddable":true,"href":"https:\/\/www.mgvodnistavby.cz\/index.php\/wp-json\/wp\/v2\/categories?post=346"},{"taxonomy":"post_tag","embeddable":true,"href":"https:\/\/www.mgvodnistavby.cz\/index.php\/wp-json\/wp\/v2\/tags?post=346"}],"curies":[{"name":"wp","href":"https:\/\/api.w.org\/{rel}","templated":true}]}}