{"id":337,"date":"2021-11-23T14:49:51","date_gmt":"2021-11-23T14:49:51","guid":{"rendered":"http:\/\/www.mgvodnistavby.cz\/?p=337"},"modified":"2021-11-23T14:49:51","modified_gmt":"2021-11-23T14:49:51","slug":"mcr-v-kombinovanem-programu","status":"publish","type":"post","link":"https:\/\/www.mgvodnistavby.cz\/index.php\/2021\/11\/23\/mcr-v-kombinovanem-programu\/","title":{"rendered":"M\u010cR v kombinovan\u00e9m programu"},"content":{"rendered":"\n<p>Vrchol sez\u00f3ny se pro n\u00e1s uskute\u010dnil v ned\u011bli  21.11. v Dub\u0148anech, kam odjelo 12 na\u0161ich gymnastek. A povedl se medailov\u00fd \u00faspech!<\/p>\n\n\n\n<p>Z\u00e1sluhou <strong>Emy Orlick\u00e9<\/strong>, kter\u00e1 je v kategorii \u017den teprve prvn\u00edm rokem, vezeme <strong>bronz<\/strong>. Ema zacvi\u010dila v\u00fdborn\u011b sv\u00e9 sestavy s obru\u010d\u00ed a ku\u017eeli a mohla se tak radovat ze stup\u0148\u016f v\u00edt\u011bz\u016f.<img loading=\"lazy\" height=\"16\" width=\"16\" alt=\"\ud83d\ude0d\" src=\"https:\/\/static.xx.fbcdn.net\/images\/emoji.php\/v9\/t5b\/1.5\/16\/1f60d.png\"> V nejstar\u0161\u00ed kategorii se ale p\u0159edvedlo 6 na\u0161ich gymnastek a i dal\u0161\u00ed si v 25 \u010dlenn\u00e9m startovn\u00edm poli vedly v\u00fdborn\u011b. Niky \u0160., Sa\u0161a a Niky L. se um\u00edstily za sebou na 6.-8. p\u0159\u00ed\u010dce, Deni obsadila 12. pozici a Ema skon\u010dila 18.<\/p>\n\n\n\n<p>Ve IV. kategorii z toho byla dal\u0161\u00ed dv\u011b um\u00edst\u011bn\u00ed v prvn\u00ed des\u00edtce d\u00edky 9. Lucce a 10. Terce. Doubi ve sv\u00e9 premi\u00e9\u0159e na M\u010cR obsadila 22. m\u00edsto. Ve III. kategorii se p\u0159edstavila Gab\u010da a brala 17. pozici. Ve II. kategorii se par\u00e1dn\u011b p\u0159edvedly B\u00e1ra a Krist\u00fdnka, kter\u00e9 po kr\u00e1sn\u00fdch v\u00fdkonech vybojovaly 5. a 6. p\u0159\u00ed\u010dku.<img loading=\"lazy\" height=\"16\" width=\"16\" alt=\"\ud83d\udcaa\" src=\"https:\/\/static.xx.fbcdn.net\/images\/emoji.php\/v9\/tc5\/1.5\/16\/1f4aa.png\"><\/p>\n\n\n\n<p>Sou\u010d\u00e1st\u00ed M\u010cR je tak\u00e9 sout\u011b\u017e dru\u017estev a v\u0161echna pra\u017esk\u00e1 dru\u017estva si vedla skv\u011ble, proto\u017ee se jich 6 ve\u0161lo do 11. m\u00edsta. Na stupn\u00edch v\u00edt\u011bz\u016f se um\u00edstilo dru\u017estvo Praha 1, kter\u00e9 vybojovalo st\u0159\u00edbrn\u00e9 medaile.<img loading=\"lazy\" height=\"16\" width=\"16\" alt=\"\ud83e\udd48\" src=\"https:\/\/static.xx.fbcdn.net\/images\/emoji.php\/v9\/t6e\/1.5\/16\/1f948.png\"><\/p>\n\n\n\n<p>Nesm\u00edme zapomenout, \u017ee jsme m\u011bly z\u00e1stupce i mezi rozhod\u010d\u00edmi. Za oblast Praha byla nominov\u00e1na Lucka Gabrielov\u00e1.<img loading=\"lazy\" height=\"16\" width=\"16\" alt=\"\ud83d\ude0a\" src=\"https:\/\/static.xx.fbcdn.net\/images\/emoji.php\/v9\/td8\/1.5\/16\/1f60a.png\"><\/p>\n\n\n\n<p>Moc gratulujeme v\u0161em gymnastk\u00e1m a d\u011bkujeme za p\u0159edveden\u00e9 v\u00fdkony!<img loading=\"lazy\" height=\"16\" width=\"16\" alt=\"\ud83d\ude18\" src=\"https:\/\/static.xx.fbcdn.net\/images\/emoji.php\/v9\/tce\/1.5\/16\/1f618.png\"><\/p>\n\n\n\n<figure class=\"wp-block-image size-large\"><img loading=\"lazy\" width=\"1024\" height=\"683\" src=\"https:\/\/www.mgvodnistavby.cz\/wp-content\/uploads\/2021\/11\/DSC_7924-1024x683.jpg\" alt=\"\" class=\"wp-image-338\" srcset=\"https:\/\/www.mgvodnistavby.cz\/wp-content\/uploads\/2021\/11\/DSC_7924-1024x683.jpg 1024w, https:\/\/www.mgvodnistavby.cz\/wp-content\/uploads\/2021\/11\/DSC_7924-300x200.jpg 300w, https:\/\/www.mgvodnistavby.cz\/wp-content\/uploads\/2021\/11\/DSC_7924-768x512.jpg 768w, https:\/\/www.mgvodnistavby.cz\/wp-content\/uploads\/2021\/11\/DSC_7924-1536x1024.jpg 1536w, https:\/\/www.mgvodnistavby.cz\/wp-content\/uploads\/2021\/11\/DSC_7924-2048x1365.jpg 2048w\" sizes=\"(max-width: 767px) 89vw, (max-width: 1000px) 54vw, (max-width: 1071px) 543px, 580px\" \/><\/figure>\n","protected":false},"excerpt":{"rendered":"<p>Vrchol sez\u00f3ny se pro n\u00e1s uskute\u010dnil v ned\u011bli 21.11. v Dub\u0148anech, kam odjelo 12 na\u0161ich gymnastek. A povedl se medailov\u00fd \u00faspech! Z\u00e1sluhou Emy Orlick\u00e9, kter\u00e1 je v kategorii \u017den teprve prvn\u00edm rokem, vezeme bronz. Ema zacvi\u010dila v\u00fdborn\u011b sv\u00e9 sestavy s obru\u010d\u00ed a ku\u017eeli a mohla se tak radovat ze stup\u0148\u016f v\u00edt\u011bz\u016f. V nejstar\u0161\u00ed kategorii se &hellip; <\/p>\n<p class=\"link-more\"><a href=\"https:\/\/www.mgvodnistavby.cz\/index.php\/2021\/11\/23\/mcr-v-kombinovanem-programu\/\" class=\"more-link\">Pokra\u010dovat ve \u010dten\u00ed<span class=\"screen-reader-text\"> &#8222;M\u010cR v kombinovan\u00e9m programu&#8220;<\/span><\/a><\/p>\n","protected":false},"author":1,"featured_media":0,"comment_status":"closed","ping_status":"","sticky":false,"template":"","format":"standard","meta":[],"categories":[1],"tags":[],"_links":{"self":[{"href":"https:\/\/www.mgvodnistavby.cz\/index.php\/wp-json\/wp\/v2\/posts\/337"}],"collection":[{"href":"https:\/\/www.mgvodnistavby.cz\/index.php\/wp-json\/wp\/v2\/posts"}],"about":[{"href":"https:\/\/www.mgvodnistavby.cz\/index.php\/wp-json\/wp\/v2\/types\/post"}],"author":[{"embeddable":true,"href":"https:\/\/www.mgvodnistavby.cz\/index.php\/wp-json\/wp\/v2\/users\/1"}],"replies":[{"embeddable":true,"href":"https:\/\/www.mgvodnistavby.cz\/index.php\/wp-json\/wp\/v2\/comments?post=337"}],"version-history":[{"count":1,"href":"https:\/\/www.mgvodnistavby.cz\/index.php\/wp-json\/wp\/v2\/posts\/337\/revisions"}],"predecessor-version":[{"id":339,"href":"https:\/\/www.mgvodnistavby.cz\/index.php\/wp-json\/wp\/v2\/posts\/337\/revisions\/339"}],"wp:attachment":[{"href":"https:\/\/www.mgvodnistavby.cz\/index.php\/wp-json\/wp\/v2\/media?parent=337"}],"wp:term":[{"taxonomy":"category","embeddable":true,"href":"https:\/\/www.mgvodnistavby.cz\/index.php\/wp-json\/wp\/v2\/categories?post=337"},{"taxonomy":"post_tag","embeddable":true,"href":"https:\/\/www.mgvodnistavby.cz\/index.php\/wp-json\/wp\/v2\/tags?post=337"}],"curies":[{"name":"wp","href":"https:\/\/api.w.org\/{rel}","templated":true}]}}