{"id":321,"date":"2021-11-18T11:19:43","date_gmt":"2021-11-18T11:19:43","guid":{"rendered":"http:\/\/www.mgvodnistavby.cz\/?p=321"},"modified":"2021-11-18T11:20:56","modified_gmt":"2021-11-18T11:20:56","slug":"memorial-mily-moravkove","status":"publish","type":"post","link":"https:\/\/www.mgvodnistavby.cz\/index.php\/2021\/11\/18\/memorial-mily-moravkove\/","title":{"rendered":"Memori\u00e1l M\u00edly Mor\u00e1vkov\u00e9"},"content":{"rendered":"\n<p>Tak\u00e9 v\u00edkend 13.-14.11. jsme str\u00e1vily na Zelen\u00e9m pruhu, tentokr\u00e1t na z\u00e1vod\u011b Memori\u00e1l M\u00edly Mor\u00e1vkov\u00e9. V sobotu cvi\u010dily na\u0161e gymnastky v z\u00e1kladn\u00edm programu, kter\u00e9 v I. kategorii obsadily 6.-9.m\u00edsto. Odpoledne se pak p\u0159edstavily z\u00e1vodnice kombinovan\u00e9ho programu v I.-III. kategorii. Nejl\u00e9pe se vedlo <strong>bronzov\u00e9 Nat\u00e1lce<\/strong> a Gab\u010de, kter\u00e1 skon\u010dila t\u011bsn\u011b pod stupni v\u00edt\u011bz\u016f. <img loading=\"lazy\" height=\"16\" width=\"16\" alt=\"\ud83e\udd49\" src=\"https:\/\/static.xx.fbcdn.net\/images\/emoji.php\/v9\/tef\/1.5\/16\/1f949.png\"><\/p>\n\n\n\n<p>V ned\u011bli se na Memori\u00e1lu p\u0159edstavily na\u0161e \u010dty\u0159i p\u00f3diovky. Skladba Troll\u00edk\u016f si za sestavu bez n\u00e1\u010din\u00ed odnesla <strong>st\u0159\u00edbrn\u00e9 medaile<\/strong> a hol\u010di\u010dky tak zakon\u010dily svoji z\u00e1vodn\u00ed sez\u00f3nu. <img loading=\"lazy\" height=\"16\" width=\"16\" alt=\"\ud83e\udd48\" src=\"https:\/\/static.xx.fbcdn.net\/images\/emoji.php\/v9\/t6e\/1.5\/16\/1f948.png\"> Ve III. kategorii se na <strong>3. p\u0159\u00ed\u010dce<\/strong> um\u00edstila \u0161vihadla. <img loading=\"lazy\" height=\"16\" width=\"16\" alt=\"\ud83e\udd49\" src=\"https:\/\/static.xx.fbcdn.net\/images\/emoji.php\/v9\/tef\/1.5\/16\/1f949.png\"> Ve IV. kategorii cvi\u010dily ob\u011b na\u0161e p\u00f3diovky a op\u011bt na <strong>nejvy\u0161\u0161\u00ed p\u0159\u00ed\u010dky<\/strong> nikoho nepustily. <img loading=\"lazy\" height=\"16\" width=\"16\" alt=\"\ud83e\udd47\" src=\"https:\/\/static.xx.fbcdn.net\/images\/emoji.php\/v9\/ted\/1.5\/16\/1f947.png\"><img loading=\"lazy\" height=\"16\" width=\"16\" alt=\"\ud83e\udd48\" src=\"https:\/\/static.xx.fbcdn.net\/images\/emoji.php\/v9\/t6e\/1.5\/16\/1f948.png\"> Ve star\u0161\u00ed skladb\u011b dokonce zasko\u010dila tren\u00e9rka Luci Tiso\u0148ov\u00e1! <img loading=\"lazy\" height=\"16\" width=\"16\" alt=\"\ud83d\udcaa\ud83c\udffc\" src=\"https:\/\/static.xx.fbcdn.net\/images\/emoji.php\/v9\/t1\/1.5\/16\/1f4aa_1f3fc.png\"><img loading=\"lazy\" height=\"16\" width=\"16\" alt=\"\ud83d\ude01\" src=\"https:\/\/static.xx.fbcdn.net\/images\/emoji.php\/v9\/ta8\/1.5\/16\/1f601.png\"><\/p>\n\n\n\n<p>Gratulujeme v\u0161em! <img loading=\"lazy\" height=\"16\" width=\"16\" alt=\"\ud83d\ude09\" src=\"https:\/\/static.xx.fbcdn.net\/images\/emoji.php\/v9\/tb0\/1.5\/16\/1f609.png\"><\/p>\n\n\n\n<div class=\"wp-block-group\"><div class=\"wp-block-group__inner-container\">\n<div class=\"wp-block-group\"><div class=\"wp-block-group__inner-container\">\n<div class=\"wp-block-group\"><div class=\"wp-block-group__inner-container\">\n<div class=\"wp-block-columns\">\n<div class=\"wp-block-column\" style=\"flex-basis:100%\">\n<div class=\"wp-block-columns\">\n<div class=\"wp-block-column\">\n<figure class=\"wp-block-image size-large\"><img loading=\"lazy\" width=\"768\" height=\"1024\" src=\"http:\/\/www.mgvodnistavby.cz\/wp-content\/uploads\/2021\/11\/WhatsApp-Image-2021-11-13-at-12.51.41-1-768x1024.jpeg\" alt=\"\" class=\"wp-image-323\" srcset=\"https:\/\/www.mgvodnistavby.cz\/wp-content\/uploads\/2021\/11\/WhatsApp-Image-2021-11-13-at-12.51.41-1-768x1024.jpeg 768w, https:\/\/www.mgvodnistavby.cz\/wp-content\/uploads\/2021\/11\/WhatsApp-Image-2021-11-13-at-12.51.41-1-225x300.jpeg 225w, https:\/\/www.mgvodnistavby.cz\/wp-content\/uploads\/2021\/11\/WhatsApp-Image-2021-11-13-at-12.51.41-1-1152x1536.jpeg 1152w, https:\/\/www.mgvodnistavby.cz\/wp-content\/uploads\/2021\/11\/WhatsApp-Image-2021-11-13-at-12.51.41-1.jpeg 1500w\" sizes=\"(max-width: 767px) 89vw, (max-width: 1000px) 54vw, (max-width: 1071px) 543px, 580px\" \/><\/figure>\n<\/div>\n\n\n\n<div class=\"wp-block-column\">\n<figure class=\"wp-block-image size-large\"><img loading=\"lazy\" width=\"768\" height=\"1024\" src=\"http:\/\/www.mgvodnistavby.cz\/wp-content\/uploads\/2021\/11\/WhatsApp-Image-2021-11-13-at-18.40.51-768x1024.jpeg\" alt=\"\" class=\"wp-image-324\" srcset=\"https:\/\/www.mgvodnistavby.cz\/wp-content\/uploads\/2021\/11\/WhatsApp-Image-2021-11-13-at-18.40.51-768x1024.jpeg 768w, https:\/\/www.mgvodnistavby.cz\/wp-content\/uploads\/2021\/11\/WhatsApp-Image-2021-11-13-at-18.40.51-225x300.jpeg 225w, https:\/\/www.mgvodnistavby.cz\/wp-content\/uploads\/2021\/11\/WhatsApp-Image-2021-11-13-at-18.40.51-1152x1536.jpeg 1152w, https:\/\/www.mgvodnistavby.cz\/wp-content\/uploads\/2021\/11\/WhatsApp-Image-2021-11-13-at-18.40.51.jpeg 1200w\" sizes=\"(max-width: 767px) 89vw, (max-width: 1000px) 54vw, (max-width: 1071px) 543px, 580px\" \/><\/figure>\n<\/div>\n\n\n\n<div class=\"wp-block-column\">\n<figure class=\"wp-block-image size-large\"><img loading=\"lazy\" width=\"768\" height=\"1024\" src=\"http:\/\/www.mgvodnistavby.cz\/wp-content\/uploads\/2021\/11\/IMG_6402-768x1024.jpg\" alt=\"\" class=\"wp-image-325\" srcset=\"https:\/\/www.mgvodnistavby.cz\/wp-content\/uploads\/2021\/11\/IMG_6402-768x1024.jpg 768w, https:\/\/www.mgvodnistavby.cz\/wp-content\/uploads\/2021\/11\/IMG_6402-225x300.jpg 225w, https:\/\/www.mgvodnistavby.cz\/wp-content\/uploads\/2021\/11\/IMG_6402-1152x1536.jpg 1152w, https:\/\/www.mgvodnistavby.cz\/wp-content\/uploads\/2021\/11\/IMG_6402.jpg 1200w\" sizes=\"(max-width: 767px) 89vw, (max-width: 1000px) 54vw, (max-width: 1071px) 543px, 580px\" \/><\/figure>\n<\/div>\n<\/div>\n<\/div>\n<\/div>\n<\/div><\/div>\n<\/div><\/div>\n<\/div><\/div>\n","protected":false},"excerpt":{"rendered":"<p>Tak\u00e9 v\u00edkend 13.-14.11. jsme str\u00e1vily na Zelen\u00e9m pruhu, tentokr\u00e1t na z\u00e1vod\u011b Memori\u00e1l M\u00edly Mor\u00e1vkov\u00e9. V sobotu cvi\u010dily na\u0161e gymnastky v z\u00e1kladn\u00edm programu, kter\u00e9 v I. kategorii obsadily 6.-9.m\u00edsto. Odpoledne se pak p\u0159edstavily z\u00e1vodnice kombinovan\u00e9ho programu v I.-III. kategorii. Nejl\u00e9pe se vedlo bronzov\u00e9 Nat\u00e1lce a Gab\u010de, kter\u00e1 skon\u010dila t\u011bsn\u011b pod stupni v\u00edt\u011bz\u016f. V ned\u011bli se na &hellip; <\/p>\n<p class=\"link-more\"><a href=\"https:\/\/www.mgvodnistavby.cz\/index.php\/2021\/11\/18\/memorial-mily-moravkove\/\" class=\"more-link\">Pokra\u010dovat ve \u010dten\u00ed<span class=\"screen-reader-text\"> &#8222;Memori\u00e1l M\u00edly Mor\u00e1vkov\u00e9&#8220;<\/span><\/a><\/p>\n","protected":false},"author":1,"featured_media":0,"comment_status":"closed","ping_status":"","sticky":false,"template":"","format":"standard","meta":[],"categories":[1],"tags":[],"_links":{"self":[{"href":"https:\/\/www.mgvodnistavby.cz\/index.php\/wp-json\/wp\/v2\/posts\/321"}],"collection":[{"href":"https:\/\/www.mgvodnistavby.cz\/index.php\/wp-json\/wp\/v2\/posts"}],"about":[{"href":"https:\/\/www.mgvodnistavby.cz\/index.php\/wp-json\/wp\/v2\/types\/post"}],"author":[{"embeddable":true,"href":"https:\/\/www.mgvodnistavby.cz\/index.php\/wp-json\/wp\/v2\/users\/1"}],"replies":[{"embeddable":true,"href":"https:\/\/www.mgvodnistavby.cz\/index.php\/wp-json\/wp\/v2\/comments?post=321"}],"version-history":[{"count":3,"href":"https:\/\/www.mgvodnistavby.cz\/index.php\/wp-json\/wp\/v2\/posts\/321\/revisions"}],"predecessor-version":[{"id":328,"href":"https:\/\/www.mgvodnistavby.cz\/index.php\/wp-json\/wp\/v2\/posts\/321\/revisions\/328"}],"wp:attachment":[{"href":"https:\/\/www.mgvodnistavby.cz\/index.php\/wp-json\/wp\/v2\/media?parent=321"}],"wp:term":[{"taxonomy":"category","embeddable":true,"href":"https:\/\/www.mgvodnistavby.cz\/index.php\/wp-json\/wp\/v2\/categories?post=321"},{"taxonomy":"post_tag","embeddable":true,"href":"https:\/\/www.mgvodnistavby.cz\/index.php\/wp-json\/wp\/v2\/tags?post=321"}],"curies":[{"name":"wp","href":"https:\/\/api.w.org\/{rel}","templated":true}]}}