{"id":310,"date":"2021-11-07T10:37:38","date_gmt":"2021-11-07T10:37:38","guid":{"rendered":"http:\/\/www.mgvodnistavby.cz\/?p=310"},"modified":"2021-11-07T10:37:38","modified_gmt":"2021-11-07T10:37:38","slug":"prebor-prahy-v-kombinovanem-programu","status":"publish","type":"post","link":"https:\/\/www.mgvodnistavby.cz\/index.php\/2021\/11\/07\/prebor-prahy-v-kombinovanem-programu\/","title":{"rendered":"P\u0159ebor Prahy v kombinovan\u00e9m programu"},"content":{"rendered":"\n<p>M\u00e1me za sebou P\u0159ebor Prahy v kombinovan\u00e9m programu, kter\u00fd se op\u011bt konal pod na\u0161\u00edm po\u0159adatelstv\u00edm v sobotu 6. listopadu. Krom\u011b snahy o co nejlep\u0161\u00ed v\u00fdkony se bojovalo tak\u00e9 o postupov\u00e1 m\u00edsta na M\u010cR.<img loading=\"lazy\" height=\"16\" width=\"16\" alt=\"\ud83d\ude42\" src=\"https:\/\/static.xx.fbcdn.net\/images\/emoji.php\/v9\/ta5\/1.5\/16\/1f642.png\"> Bohu\u017eel n\u00e1s neminuly absence n\u011bkter\u00fdch z\u00e1vodnic kv\u016fli covidu&#8230;<img loading=\"lazy\" height=\"16\" width=\"16\" alt=\"\ud83d\ude22\" src=\"https:\/\/static.xx.fbcdn.net\/images\/emoji.php\/v9\/t67\/1.5\/16\/1f622.png\"><\/p>\n\n\n\n<p>V I. kategorii jsme m\u011bly 6 gymnastek, z nich\u017e nejl\u00e9pe zacvi\u010dila Terezka na 7. p\u0159\u00ed\u010dce. Ve II. kategorii se zada\u0159ilo a\u017e na medailov\u00e9 um\u00edst\u011bn\u00ed, a to d\u00edky st\u0159\u00edbrn\u00e9 Nat\u00e1lce. <img loading=\"lazy\" height=\"16\" width=\"16\" alt=\"\ud83e\udd48\" src=\"https:\/\/static.xx.fbcdn.net\/images\/emoji.php\/v9\/t6e\/1.5\/16\/1f948.png\"> Ve III. kategorii skon\u010dily hned za sebou S\u00e1ra s Gab\u010dou na 5. a 6. p\u0159\u00ed\u010dce.<\/p>\n\n\n\n<p>Za sestavy s ku\u017eeli a stuhou z\u00edskaly na\u0161e gymnastky dv\u011b medaile. Doubravka vybojovala st\u0159\u00edbro a Lucka bronz. <img loading=\"lazy\" height=\"16\" width=\"16\" alt=\"\ud83e\udd48\" src=\"https:\/\/static.xx.fbcdn.net\/images\/emoji.php\/v9\/t6e\/1.5\/16\/1f948.png\"><img loading=\"lazy\" height=\"16\" width=\"16\" alt=\"\ud83e\udd49\" src=\"https:\/\/static.xx.fbcdn.net\/images\/emoji.php\/v9\/tef\/1.5\/16\/1f949.png\"> V. kategorie p\u0159inesla velmi vyrovnan\u00e9 z\u00e1polen\u00ed mezi na\u0161imi \u017denami. Prvn\u00ed \u010dty\u0159i z\u00e1vodnice se ve\u0161ly do 15 setin! <img loading=\"lazy\" height=\"16\" width=\"16\" alt=\"\ud83d\ude01\" src=\"https:\/\/static.xx.fbcdn.net\/images\/emoji.php\/v9\/ta8\/1.5\/16\/1f601.png\"> Na stupn\u00edch v\u00edt\u011bz\u016f se se\u0159adily <a href=\"https:\/\/www.facebook.com\/profile.php?id=100008341066202&amp;__cft__[0]=AZWWbra-OkahpmIzFccUKJMIKQbTEp2K9nQhMJz6A8d4mpEEXgtZZJbJitcSL8qn-t7BCjRe-Ie0XngAeoHIyW5D-wLwlY52b-q6QwcZz8Jbo412FmzONAyGNo85KkeOEzblsoRv42_hr8pdFfe98JeNl-t_X4LnSIhexeCqnroOaOy20dSU_HagI1d1QjgiiRQ&amp;__tn__=-]K-R\">Ema<\/a>, Ema O. a Niky \u0160. <img loading=\"lazy\" height=\"16\" width=\"16\" alt=\"\ud83e\udd47\" src=\"https:\/\/static.xx.fbcdn.net\/images\/emoji.php\/v9\/ted\/1.5\/16\/1f947.png\"><img loading=\"lazy\" height=\"16\" width=\"16\" alt=\"\ud83e\udd48\" src=\"https:\/\/static.xx.fbcdn.net\/images\/emoji.php\/v9\/t6e\/1.5\/16\/1f948.png\"><img loading=\"lazy\" height=\"16\" width=\"16\" alt=\"\ud83e\udd49\" src=\"https:\/\/static.xx.fbcdn.net\/images\/emoji.php\/v9\/tef\/1.5\/16\/1f949.png\"><\/p>\n\n\n\n<p>D\u011bkujeme za v\u00fdbornou reprezentaci a gratulujeme! <img loading=\"lazy\" height=\"16\" width=\"16\" alt=\"\ud83d\ude09\" src=\"https:\/\/static.xx.fbcdn.net\/images\/emoji.php\/v9\/tb0\/1.5\/16\/1f609.png\"><\/p>\n\n\n\n<figure class=\"wp-block-image size-large\"><img loading=\"lazy\" width=\"1024\" height=\"768\" src=\"https:\/\/www.mgvodnistavby.cz\/wp-content\/uploads\/2021\/11\/WhatsApp-Image-2021-11-07-at-11.28.13-1024x768.jpeg\" alt=\"\" class=\"wp-image-311\" srcset=\"https:\/\/www.mgvodnistavby.cz\/wp-content\/uploads\/2021\/11\/WhatsApp-Image-2021-11-07-at-11.28.13-1024x768.jpeg 1024w, https:\/\/www.mgvodnistavby.cz\/wp-content\/uploads\/2021\/11\/WhatsApp-Image-2021-11-07-at-11.28.13-300x225.jpeg 300w, https:\/\/www.mgvodnistavby.cz\/wp-content\/uploads\/2021\/11\/WhatsApp-Image-2021-11-07-at-11.28.13-768x576.jpeg 768w, https:\/\/www.mgvodnistavby.cz\/wp-content\/uploads\/2021\/11\/WhatsApp-Image-2021-11-07-at-11.28.13-1536x1152.jpeg 1536w, https:\/\/www.mgvodnistavby.cz\/wp-content\/uploads\/2021\/11\/WhatsApp-Image-2021-11-07-at-11.28.13.jpeg 1600w\" sizes=\"(max-width: 767px) 89vw, (max-width: 1000px) 54vw, (max-width: 1071px) 543px, 580px\" \/><\/figure>\n","protected":false},"excerpt":{"rendered":"<p>M\u00e1me za sebou P\u0159ebor Prahy v kombinovan\u00e9m programu, kter\u00fd se op\u011bt konal pod na\u0161\u00edm po\u0159adatelstv\u00edm v sobotu 6. listopadu. Krom\u011b snahy o co nejlep\u0161\u00ed v\u00fdkony se bojovalo tak\u00e9 o postupov\u00e1 m\u00edsta na M\u010cR. Bohu\u017eel n\u00e1s neminuly absence n\u011bkter\u00fdch z\u00e1vodnic kv\u016fli covidu&#8230; V I. kategorii jsme m\u011bly 6 gymnastek, z nich\u017e nejl\u00e9pe zacvi\u010dila Terezka na 7. &hellip; <\/p>\n<p class=\"link-more\"><a href=\"https:\/\/www.mgvodnistavby.cz\/index.php\/2021\/11\/07\/prebor-prahy-v-kombinovanem-programu\/\" class=\"more-link\">Pokra\u010dovat ve \u010dten\u00ed<span class=\"screen-reader-text\"> &#8222;P\u0159ebor Prahy v kombinovan\u00e9m programu&#8220;<\/span><\/a><\/p>\n","protected":false},"author":1,"featured_media":0,"comment_status":"closed","ping_status":"","sticky":false,"template":"","format":"standard","meta":[],"categories":[1],"tags":[],"_links":{"self":[{"href":"https:\/\/www.mgvodnistavby.cz\/index.php\/wp-json\/wp\/v2\/posts\/310"}],"collection":[{"href":"https:\/\/www.mgvodnistavby.cz\/index.php\/wp-json\/wp\/v2\/posts"}],"about":[{"href":"https:\/\/www.mgvodnistavby.cz\/index.php\/wp-json\/wp\/v2\/types\/post"}],"author":[{"embeddable":true,"href":"https:\/\/www.mgvodnistavby.cz\/index.php\/wp-json\/wp\/v2\/users\/1"}],"replies":[{"embeddable":true,"href":"https:\/\/www.mgvodnistavby.cz\/index.php\/wp-json\/wp\/v2\/comments?post=310"}],"version-history":[{"count":1,"href":"https:\/\/www.mgvodnistavby.cz\/index.php\/wp-json\/wp\/v2\/posts\/310\/revisions"}],"predecessor-version":[{"id":312,"href":"https:\/\/www.mgvodnistavby.cz\/index.php\/wp-json\/wp\/v2\/posts\/310\/revisions\/312"}],"wp:attachment":[{"href":"https:\/\/www.mgvodnistavby.cz\/index.php\/wp-json\/wp\/v2\/media?parent=310"}],"wp:term":[{"taxonomy":"category","embeddable":true,"href":"https:\/\/www.mgvodnistavby.cz\/index.php\/wp-json\/wp\/v2\/categories?post=310"},{"taxonomy":"post_tag","embeddable":true,"href":"https:\/\/www.mgvodnistavby.cz\/index.php\/wp-json\/wp\/v2\/tags?post=310"}],"curies":[{"name":"wp","href":"https:\/\/api.w.org\/{rel}","templated":true}]}}