{"id":288,"date":"2021-10-25T15:41:22","date_gmt":"2021-10-25T15:41:22","guid":{"rendered":"http:\/\/www.mgvodnistavby.cz\/?p=288"},"modified":"2021-10-27T09:00:26","modified_gmt":"2021-10-27T09:00:26","slug":"chystame-zavod-ke-dni-deti","status":"publish","type":"post","link":"https:\/\/www.mgvodnistavby.cz\/index.php\/2021\/10\/25\/chystame-zavod-ke-dni-deti\/","title":{"rendered":"Chyst\u00e1me Z\u00e1vod ke Dni d\u011bt\u00ed"},"content":{"rendered":"\n<p>A\u010dkoliv Den d\u011bt\u00ed se slav\u00ed 1. \u010dervna, my ho letos oslav\u00edme v sobotu 30. \u0159\u00edjna. \ud83d\ude42 Kv\u016fli pandemii covidu je na toto datum n\u00e1\u0161 z\u00e1vod p\u0159esunut. I v tomto netradi\u010dn\u00edm term\u00ednu je ale o z\u00e1vod velk\u00fd z\u00e1jem a p\u0159ihl\u00e1\u0161eny jsou gymnastky z 18ti odd\u00edl\u016f z cel\u00e9 \u010cesk\u00e9 republiky.<\/p>\n\n\n\n<p>\u010cek\u00e1 n\u00e1s z\u00e1polen\u00ed v p\u011bti kategori\u00edch kombinovan\u00e9ho programu a tak\u00e9 v sout\u011b\u017ei dru\u017estev. Nyn\u00ed p\u0159ipravujeme podrobn\u011bj\u0161\u00ed \u010dasov\u00fd harmonogram a fin\u00e1ln\u00ed startovn\u00ed listiny. Na v\u0161echny gymnastky se moc t\u011b\u0161\u00edme v hale St\u0159edn\u00ed \u0161koly technick\u00e9 na Zelen\u00e9m pruhu!<\/p>\n\n\n\n<p>Z\u00e1vod se kon\u00e1 za finan\u010dn\u00ed podpory hlavn\u00edho m\u011bsta Prahy, Prahy 15 a spole\u010dnosti Pra\u017esk\u00e1 tepl\u00e1rensk\u00e1.<\/p>\n\n\n\n<div class=\"wp-block-columns\">\n<div class=\"wp-block-column\" style=\"flex-basis:100%\">\n<div class=\"wp-block-columns\">\n<div class=\"wp-block-column\">\n<div class=\"wp-block-columns\">\n<div class=\"wp-block-column\" style=\"flex-basis:100%\">\n<figure class=\"wp-block-image size-large is-resized\"><img loading=\"lazy\" src=\"https:\/\/www.mgvodnistavby.cz\/wp-content\/uploads\/2021\/10\/2149287_643712_Praha_logo-1.png\" alt=\"\" class=\"wp-image-291\" width=\"178\" height=\"178\" srcset=\"https:\/\/www.mgvodnistavby.cz\/wp-content\/uploads\/2021\/10\/2149287_643712_Praha_logo-1.png 566w, https:\/\/www.mgvodnistavby.cz\/wp-content\/uploads\/2021\/10\/2149287_643712_Praha_logo-1-300x300.png 300w, https:\/\/www.mgvodnistavby.cz\/wp-content\/uploads\/2021\/10\/2149287_643712_Praha_logo-1-150x150.png 150w, https:\/\/www.mgvodnistavby.cz\/wp-content\/uploads\/2021\/10\/2149287_643712_Praha_logo-1-100x100.png 100w\" sizes=\"(max-width: 178px) 100vw, 178px\" \/><\/figure>\n<\/div>\n<\/div>\n<\/div>\n\n\n\n<div class=\"wp-block-column\">\n<figure class=\"wp-block-image size-large\"><img loading=\"lazy\" width=\"1024\" height=\"179\" src=\"https:\/\/www.mgvodnistavby.cz\/wp-content\/uploads\/2021\/10\/Vystrizek-1-1024x179.png\" alt=\"\" class=\"wp-image-292\" srcset=\"https:\/\/www.mgvodnistavby.cz\/wp-content\/uploads\/2021\/10\/Vystrizek-1-1024x179.png 1024w, https:\/\/www.mgvodnistavby.cz\/wp-content\/uploads\/2021\/10\/Vystrizek-1-300x52.png 300w, https:\/\/www.mgvodnistavby.cz\/wp-content\/uploads\/2021\/10\/Vystrizek-1-768x134.png 768w, https:\/\/www.mgvodnistavby.cz\/wp-content\/uploads\/2021\/10\/Vystrizek-1.png 1323w\" sizes=\"(max-width: 767px) 89vw, (max-width: 1000px) 54vw, (max-width: 1071px) 543px, 580px\" \/><\/figure>\n\n\n\n<figure class=\"wp-block-image size-large is-resized\"><img loading=\"lazy\" src=\"https:\/\/www.mgvodnistavby.cz\/wp-content\/uploads\/2021\/10\/Logotyp_MC_Praha_15_RGB-1.jpg\" alt=\"\" class=\"wp-image-295\" width=\"245\" height=\"122\" srcset=\"https:\/\/www.mgvodnistavby.cz\/wp-content\/uploads\/2021\/10\/Logotyp_MC_Praha_15_RGB-1.jpg 507w, https:\/\/www.mgvodnistavby.cz\/wp-content\/uploads\/2021\/10\/Logotyp_MC_Praha_15_RGB-1-300x150.jpg 300w\" sizes=\"(max-width: 245px) 100vw, 245px\" \/><\/figure>\n<\/div>\n<\/div>\n<\/div>\n<\/div>\n","protected":false},"excerpt":{"rendered":"<p>A\u010dkoliv Den d\u011bt\u00ed se slav\u00ed 1. \u010dervna, my ho letos oslav\u00edme v sobotu 30. \u0159\u00edjna. \ud83d\ude42 Kv\u016fli pandemii covidu je na toto datum n\u00e1\u0161 z\u00e1vod p\u0159esunut. I v tomto netradi\u010dn\u00edm term\u00ednu je ale o z\u00e1vod velk\u00fd z\u00e1jem a p\u0159ihl\u00e1\u0161eny jsou gymnastky z 18ti odd\u00edl\u016f z cel\u00e9 \u010cesk\u00e9 republiky. \u010cek\u00e1 n\u00e1s z\u00e1polen\u00ed v p\u011bti kategori\u00edch kombinovan\u00e9ho &hellip; <\/p>\n<p class=\"link-more\"><a href=\"https:\/\/www.mgvodnistavby.cz\/index.php\/2021\/10\/25\/chystame-zavod-ke-dni-deti\/\" class=\"more-link\">Pokra\u010dovat ve \u010dten\u00ed<span class=\"screen-reader-text\"> &#8222;Chyst\u00e1me Z\u00e1vod ke Dni d\u011bt\u00ed&#8220;<\/span><\/a><\/p>\n","protected":false},"author":1,"featured_media":0,"comment_status":"closed","ping_status":"","sticky":false,"template":"","format":"standard","meta":[],"categories":[1],"tags":[],"_links":{"self":[{"href":"https:\/\/www.mgvodnistavby.cz\/index.php\/wp-json\/wp\/v2\/posts\/288"}],"collection":[{"href":"https:\/\/www.mgvodnistavby.cz\/index.php\/wp-json\/wp\/v2\/posts"}],"about":[{"href":"https:\/\/www.mgvodnistavby.cz\/index.php\/wp-json\/wp\/v2\/types\/post"}],"author":[{"embeddable":true,"href":"https:\/\/www.mgvodnistavby.cz\/index.php\/wp-json\/wp\/v2\/users\/1"}],"replies":[{"embeddable":true,"href":"https:\/\/www.mgvodnistavby.cz\/index.php\/wp-json\/wp\/v2\/comments?post=288"}],"version-history":[{"count":3,"href":"https:\/\/www.mgvodnistavby.cz\/index.php\/wp-json\/wp\/v2\/posts\/288\/revisions"}],"predecessor-version":[{"id":297,"href":"https:\/\/www.mgvodnistavby.cz\/index.php\/wp-json\/wp\/v2\/posts\/288\/revisions\/297"}],"wp:attachment":[{"href":"https:\/\/www.mgvodnistavby.cz\/index.php\/wp-json\/wp\/v2\/media?parent=288"}],"wp:term":[{"taxonomy":"category","embeddable":true,"href":"https:\/\/www.mgvodnistavby.cz\/index.php\/wp-json\/wp\/v2\/categories?post=288"},{"taxonomy":"post_tag","embeddable":true,"href":"https:\/\/www.mgvodnistavby.cz\/index.php\/wp-json\/wp\/v2\/tags?post=288"}],"curies":[{"name":"wp","href":"https:\/\/api.w.org\/{rel}","templated":true}]}}