{"id":281,"date":"2021-10-25T15:21:41","date_gmt":"2021-10-25T15:21:41","guid":{"rendered":"http:\/\/www.mgvodnistavby.cz\/?p=281"},"modified":"2021-10-25T15:22:22","modified_gmt":"2021-10-25T15:22:22","slug":"velka-cena-mesta-plzne","status":"publish","type":"post","link":"https:\/\/www.mgvodnistavby.cz\/index.php\/2021\/10\/25\/velka-cena-mesta-plzne\/","title":{"rendered":"Velk\u00e1 cena m\u011bsta Plzn\u011b"},"content":{"rendered":"\n<p>V sobotu 23.10. jsme se op\u011bt vr\u00e1tily k jednotlivkyn\u00edm, a to na z\u00e1vod\u011b Velk\u00e1 cena m\u011bsta Plzn\u011b. P\u0159edstavily se zde na\u0161e gymnastky od III. do V. kategorie kombinovan\u00e9ho programu.<\/p>\n\n\n\n<p>S obru\u010d\u00ed a m\u00ed\u010dem se d\u011bv\u010dat\u016fm da\u0159ilo. <strong>Anetka<\/strong> vybojovala <strong>bronz<\/strong>, S\u00e1ra obsadila 5. a Gab\u010da 6. m\u00edsto. <img loading=\"lazy\" height=\"16\" width=\"16\" alt=\"\ud83e\udd49\" src=\"https:\/\/static.xx.fbcdn.net\/images\/emoji.php\/v9\/tef\/1.5\/16\/1f949.png\"> Ve IV. kategorii op\u011bt<strong> zv\u00edt\u011bzila <\/strong>na\u0161e <strong>Jul\u010da<\/strong>. <img loading=\"lazy\" height=\"16\" width=\"16\" alt=\"\ud83e\udd47\" src=\"https:\/\/static.xx.fbcdn.net\/images\/emoji.php\/v9\/ted\/1.5\/16\/1f947.png\"> Na v\u00fdborn\u00e9 4. p\u0159\u00ed\u010dce se ve sv\u00e9 premi\u00e9\u0159e se stuhou a ku\u017eeli um\u00edstila Viky, hned za n\u00ed Terka a Doubi skon\u010dila 9. Na\u0161ich \u0161est \u017den se se\u0159adilo od 3. do 8. m\u00edsta, a to v po\u0159ad\u00ed <strong>Deni<\/strong>, Sa\u0161a, Niky, Vanda, Ema a Ema. <img loading=\"lazy\" height=\"16\" width=\"16\" alt=\"\ud83e\udd49\" src=\"https:\/\/static.xx.fbcdn.net\/images\/emoji.php\/v9\/tef\/1.5\/16\/1f949.png\"><\/p>\n\n\n\n<p>Gratulujeme!<img loading=\"lazy\" height=\"16\" width=\"16\" alt=\"\ud83e\udd70\" src=\"https:\/\/static.xx.fbcdn.net\/images\/emoji.php\/v9\/t43\/1.5\/16\/1f970.png\"><\/p>\n","protected":false},"excerpt":{"rendered":"<p>V sobotu 23.10. jsme se op\u011bt vr\u00e1tily k jednotlivkyn\u00edm, a to na z\u00e1vod\u011b Velk\u00e1 cena m\u011bsta Plzn\u011b. P\u0159edstavily se zde na\u0161e gymnastky od III. do V. kategorie kombinovan\u00e9ho programu. S obru\u010d\u00ed a m\u00ed\u010dem se d\u011bv\u010dat\u016fm da\u0159ilo. Anetka vybojovala bronz, S\u00e1ra obsadila 5. a Gab\u010da 6. m\u00edsto. Ve IV. kategorii op\u011bt zv\u00edt\u011bzila na\u0161e Jul\u010da. Na v\u00fdborn\u00e9 &hellip; <\/p>\n<p class=\"link-more\"><a href=\"https:\/\/www.mgvodnistavby.cz\/index.php\/2021\/10\/25\/velka-cena-mesta-plzne\/\" class=\"more-link\">Pokra\u010dovat ve \u010dten\u00ed<span class=\"screen-reader-text\"> &#8222;Velk\u00e1 cena m\u011bsta Plzn\u011b&#8220;<\/span><\/a><\/p>\n","protected":false},"author":1,"featured_media":0,"comment_status":"closed","ping_status":"","sticky":false,"template":"","format":"standard","meta":[],"categories":[1],"tags":[],"_links":{"self":[{"href":"https:\/\/www.mgvodnistavby.cz\/index.php\/wp-json\/wp\/v2\/posts\/281"}],"collection":[{"href":"https:\/\/www.mgvodnistavby.cz\/index.php\/wp-json\/wp\/v2\/posts"}],"about":[{"href":"https:\/\/www.mgvodnistavby.cz\/index.php\/wp-json\/wp\/v2\/types\/post"}],"author":[{"embeddable":true,"href":"https:\/\/www.mgvodnistavby.cz\/index.php\/wp-json\/wp\/v2\/users\/1"}],"replies":[{"embeddable":true,"href":"https:\/\/www.mgvodnistavby.cz\/index.php\/wp-json\/wp\/v2\/comments?post=281"}],"version-history":[{"count":3,"href":"https:\/\/www.mgvodnistavby.cz\/index.php\/wp-json\/wp\/v2\/posts\/281\/revisions"}],"predecessor-version":[{"id":284,"href":"https:\/\/www.mgvodnistavby.cz\/index.php\/wp-json\/wp\/v2\/posts\/281\/revisions\/284"}],"wp:attachment":[{"href":"https:\/\/www.mgvodnistavby.cz\/index.php\/wp-json\/wp\/v2\/media?parent=281"}],"wp:term":[{"taxonomy":"category","embeddable":true,"href":"https:\/\/www.mgvodnistavby.cz\/index.php\/wp-json\/wp\/v2\/categories?post=281"},{"taxonomy":"post_tag","embeddable":true,"href":"https:\/\/www.mgvodnistavby.cz\/index.php\/wp-json\/wp\/v2\/tags?post=281"}],"curies":[{"name":"wp","href":"https:\/\/api.w.org\/{rel}","templated":true}]}}