{"id":265,"date":"2021-09-28T08:13:36","date_gmt":"2021-09-28T08:13:36","guid":{"rendered":"http:\/\/www.mgvodnistavby.cz\/?p=265"},"modified":"2021-09-28T08:13:36","modified_gmt":"2021-09-28T08:13:36","slug":"ustecky-poharek","status":"publish","type":"post","link":"https:\/\/www.mgvodnistavby.cz\/index.php\/2021\/09\/28\/ustecky-poharek\/","title":{"rendered":"\u00dasteck\u00fd poh\u00e1rek"},"content":{"rendered":"\n<p>Na prvn\u00ed z\u00e1vody po dlouh\u00e9 dob\u011b jsme odjely do \u00dast\u00ed nad Labem v ned\u011bli 26.9., kde se p\u0159edstavila skupina na\u0161ich gymnastek v kombinovan\u00e9m programu. Odvezly jsme si medaile, poh\u00e1ry, kr\u00e1sn\u00e9 v\u00fdkony, nov\u00e9 zku\u0161enosti, ale hlavn\u011b radost, \u017ee jsme mohly b\u00fdt spole\u010dn\u011b op\u011bt na z\u00e1vodn\u00edm koberci. \ud83d\ude42<\/p>\n\n\n\n<p>Nejpo\u010detn\u011bj\u0161\u00ed zastoupen\u00ed i nejv\u011bt\u0161\u00ed \u00fasp\u011bchy jsme m\u011bly v V. kategorii, kde se na\u0161ich \u0161est \u017den ve\u0161lo mezi prvn\u00ed sedmi\u010dku. <strong>Na stupn\u00edch v\u00edt\u011bz\u016f<\/strong> se um\u00edstily <strong>Niky, Vanda a Ema.<\/strong> <strong>Zlato<\/strong> pro n\u00e1\u0161 odd\u00edl z\u00edskala tak\u00e9 <strong>Jul\u010da<\/strong> ve IV. kategorii a k tomu p\u011bkn\u00e9 7. m\u00edsto obsadila Lucka. Ve III. kategorii dopadla nejl\u00e9pe Anetka, a to t\u011bsn\u011b za medailemi na 4. p\u0159\u00ed\u010dce. <strong>Bronzov\u00e9 um\u00edst\u011bn\u00ed<\/strong> pak vybojovala <strong>Nat\u00e1lka<\/strong> ve II. kategorii. Mezi nejmlad\u0161\u00edmi se nejl\u00e9pe vedlo Terezce na 7. m\u00edst\u011b.<\/p>\n\n\n\n<p>V\u0161em moc gratulujeme!<\/p>\n\n\n\n<figure class=\"wp-block-image size-large\"><img loading=\"lazy\" width=\"1024\" height=\"768\" src=\"https:\/\/www.mgvodnistavby.cz\/wp-content\/uploads\/2021\/09\/WhatsApp-Image-2021-09-26-at-17.48.11-1024x768.jpeg\" alt=\"\" class=\"wp-image-266\" srcset=\"https:\/\/www.mgvodnistavby.cz\/wp-content\/uploads\/2021\/09\/WhatsApp-Image-2021-09-26-at-17.48.11-1024x768.jpeg 1024w, https:\/\/www.mgvodnistavby.cz\/wp-content\/uploads\/2021\/09\/WhatsApp-Image-2021-09-26-at-17.48.11-300x225.jpeg 300w, https:\/\/www.mgvodnistavby.cz\/wp-content\/uploads\/2021\/09\/WhatsApp-Image-2021-09-26-at-17.48.11-768x576.jpeg 768w, https:\/\/www.mgvodnistavby.cz\/wp-content\/uploads\/2021\/09\/WhatsApp-Image-2021-09-26-at-17.48.11-1536x1152.jpeg 1536w, https:\/\/www.mgvodnistavby.cz\/wp-content\/uploads\/2021\/09\/WhatsApp-Image-2021-09-26-at-17.48.11.jpeg 1600w\" sizes=\"(max-width: 767px) 89vw, (max-width: 1000px) 54vw, (max-width: 1071px) 543px, 580px\" \/><\/figure>\n","protected":false},"excerpt":{"rendered":"<p>Na prvn\u00ed z\u00e1vody po dlouh\u00e9 dob\u011b jsme odjely do \u00dast\u00ed nad Labem v ned\u011bli 26.9., kde se p\u0159edstavila skupina na\u0161ich gymnastek v kombinovan\u00e9m programu. Odvezly jsme si medaile, poh\u00e1ry, kr\u00e1sn\u00e9 v\u00fdkony, nov\u00e9 zku\u0161enosti, ale hlavn\u011b radost, \u017ee jsme mohly b\u00fdt spole\u010dn\u011b op\u011bt na z\u00e1vodn\u00edm koberci. \ud83d\ude42 Nejpo\u010detn\u011bj\u0161\u00ed zastoupen\u00ed i nejv\u011bt\u0161\u00ed \u00fasp\u011bchy jsme m\u011bly v V. &hellip; <\/p>\n<p class=\"link-more\"><a href=\"https:\/\/www.mgvodnistavby.cz\/index.php\/2021\/09\/28\/ustecky-poharek\/\" class=\"more-link\">Pokra\u010dovat ve \u010dten\u00ed<span class=\"screen-reader-text\"> &#8222;\u00dasteck\u00fd poh\u00e1rek&#8220;<\/span><\/a><\/p>\n","protected":false},"author":1,"featured_media":0,"comment_status":"closed","ping_status":"","sticky":false,"template":"","format":"standard","meta":[],"categories":[1],"tags":[],"_links":{"self":[{"href":"https:\/\/www.mgvodnistavby.cz\/index.php\/wp-json\/wp\/v2\/posts\/265"}],"collection":[{"href":"https:\/\/www.mgvodnistavby.cz\/index.php\/wp-json\/wp\/v2\/posts"}],"about":[{"href":"https:\/\/www.mgvodnistavby.cz\/index.php\/wp-json\/wp\/v2\/types\/post"}],"author":[{"embeddable":true,"href":"https:\/\/www.mgvodnistavby.cz\/index.php\/wp-json\/wp\/v2\/users\/1"}],"replies":[{"embeddable":true,"href":"https:\/\/www.mgvodnistavby.cz\/index.php\/wp-json\/wp\/v2\/comments?post=265"}],"version-history":[{"count":1,"href":"https:\/\/www.mgvodnistavby.cz\/index.php\/wp-json\/wp\/v2\/posts\/265\/revisions"}],"predecessor-version":[{"id":267,"href":"https:\/\/www.mgvodnistavby.cz\/index.php\/wp-json\/wp\/v2\/posts\/265\/revisions\/267"}],"wp:attachment":[{"href":"https:\/\/www.mgvodnistavby.cz\/index.php\/wp-json\/wp\/v2\/media?parent=265"}],"wp:term":[{"taxonomy":"category","embeddable":true,"href":"https:\/\/www.mgvodnistavby.cz\/index.php\/wp-json\/wp\/v2\/categories?post=265"},{"taxonomy":"post_tag","embeddable":true,"href":"https:\/\/www.mgvodnistavby.cz\/index.php\/wp-json\/wp\/v2\/tags?post=265"}],"curies":[{"name":"wp","href":"https:\/\/api.w.org\/{rel}","templated":true}]}}